{"id":1286,"date":"2014-02-10T10:50:11","date_gmt":"2014-02-10T13:50:11","guid":{"rendered":"http:\/\/www.tintoreriamaldonado.com\/blog\/?p=1286"},"modified":"2014-03-10T11:08:46","modified_gmt":"2014-03-10T14:08:46","slug":"perspectiva-industria-textil-2013","status":"publish","type":"post","link":"http:\/\/www.tintoreriamaldonado.com\/blog\/perspectiva-industria-textil-2013","title":{"rendered":"Perspectiva industria textil 2013"},"content":{"rendered":"<p><a href=\"http:\/\/www.tintoreriamaldonado.com\/blog\/wp-content\/uploads\/2014\/02\/industria_textil.jpg\"><img loading=\"lazy\" decoding=\"async\" class=\"alignleft  wp-image-1287\" title=\"Perspectiva industria textil 2013\" alt=\"industria_textil\" src=\"http:\/\/www.tintoreriamaldonado.com\/blog\/wp-content\/uploads\/2014\/02\/industria_textil.jpg\" width=\"333\" height=\"221\" srcset=\"http:\/\/www.tintoreriamaldonado.com\/blog\/wp-content\/uploads\/2014\/02\/industria_textil.jpg 600w, http:\/\/www.tintoreriamaldonado.com\/blog\/wp-content\/uploads\/2014\/02\/industria_textil-300x200.jpg 300w\" sizes=\"auto, (max-width: 333px) 100vw, 333px\" \/><\/a>El pasado mes de noviembre se celebr\u00f3 la 9na edici\u00f3n de Pro Textil 2013, convenci\u00f3n anual de la Agro Industria Textil y de Indumentaria de la Argentina. Ah\u00ed se reunieron empresarios, especialistas nacionales e internacionales y funcionarios p\u00fablicos para hablar sobre el desarrollo de esta industria. En una de las charlas se debati\u00f3 sobre la situaci\u00f3n actual del mercado textil y las perspectivas de la cadena de valor textil y de indumentaria.<!--more--><\/p>\n<p>Seg\u00fan el \u00a0director ejecutivo de la Fundaci\u00f3n Pro Tejer, Ariel Schale, el a\u00f1o 2013 mostr\u00f3 un desplome en las exportaciones, cerrando un a\u00f1o de no crecimiento m\u00e1s all\u00e1 de que se aument\u00f3 la inversi\u00f3n: 149 millones de d\u00f3lares en el periodo enero-septiembre 2013, un 9% m\u00e1s que en el 2012.<\/p>\n<p>La <b>industria textil<\/b> fue una de las m\u00e1s beneficiadas por el modelo econ\u00f3mico actual, pese a eso, el nivel de actividad fue negativo, en particular entre enero y septiembre, donde la baja fue del 2,3% con respecto al mismo per\u00edodo del 2012. Tambi\u00e9n se vio una baja del 3,4% en la producci\u00f3n de fibras artificiales y sint\u00e9ticas, mientras que el \u00fanico sector que vivi\u00f3 una suba fue el de hilados de algod\u00f3n.<\/p>\n<p>En cuanto a ventas, Schale remarc\u00f3 que ellos hacen seguimiento del comportamiento de las ventas en los shopping center, donde no se vieron grandes cambios con respecto al 2012.<\/p>\n<p>Sobre las <b>exportaciones e importaciones<\/b>, se dijo que la tendencia es decreciente: -15,4% en exportaci\u00f3n, -3,1% en importaci\u00f3n. Sobre \u00e9ste \u00faltimo rubro, se destac\u00f3 que lo que m\u00e1s se importa son prendas de vestir, y \u00e9stas muestran una ca\u00edda en todos los rubros, en especial tejidos de punto (-15,4%) y prendas de vestir (-12,1%)\u00bb. Los rubros que muestran resultados positivos son los hilados y confecciones para el hogar. Entre los pa\u00edses que m\u00e1s importan, China es la principal (32,2%), le sigue Brasil (23,4%), luego India (6,1%), e Indonesia (3,9%). China se convirti\u00f3 en el exportador textil del mundo m\u00e1s importante.<\/p>\n<p>Pese al panorama desalentador, Schale admiti\u00f3 que en los \u00faltimos \u201c10 a\u00f1os hubo un crecimiento exponencial de la producci\u00f3n del 120%, pasando de 38 millones de toneladas a 86 millones, y tambi\u00e9n de la oferta y del consumo per c\u00e1pita de <b>productos textiles<\/b>\u00ab.<\/p>\n<p>El fin del acuerdo de textiles y vestimentas que regulaba el comercio textil y de indumentaria industrial provoc\u00f3 la culminaci\u00f3n de los acuerdos de cupos, generando un impacto importante en los flujos de exportaci\u00f3n de los productos textiles.<\/p>\n<p>Fuente: <a href=\"http:\/\/www.laverdadonline.com\/noticia-41587.html\">http:\/\/www.laverdadonline.com\/noticia-41587.html<\/a><\/p>\n","protected":false},"excerpt":{"rendered":"<p>El pasado mes de noviembre se celebr\u00f3 la 9na edici\u00f3n de Pro Textil 2013, convenci\u00f3n anual de la Agro Industria Textil y de Indumentaria de la Argentina. Ah\u00ed se reunieron empresarios, especialistas nacionales e internacionales y funcionarios p\u00fablicos para hablar sobre el desarrollo de esta industria. En una de las charlas se debati\u00f3 sobre la [&hellip;]<\/p>\n","protected":false},"author":1,"featured_media":0,"comment_status":"closed","ping_status":"closed","sticky":false,"template":"","format":"standard","meta":{"_monsterinsights_skip_tracking":false,"_monsterinsights_sitenote_active":false,"_monsterinsights_sitenote_note":"","_monsterinsights_sitenote_category":0,"footnotes":""},"categories":[36,4],"tags":[],"class_list":["post-1286","post","type-post","status-publish","format-standard","hentry","category-actualidad","category-industria-textil"],"_links":{"self":[{"href":"http:\/\/www.tintoreriamaldonado.com\/blog\/wp-json\/wp\/v2\/posts\/1286","targetHints":{"allow":["GET"]}}],"collection":[{"href":"http:\/\/www.tintoreriamaldonado.com\/blog\/wp-json\/wp\/v2\/posts"}],"about":[{"href":"http:\/\/www.tintoreriamaldonado.com\/blog\/wp-json\/wp\/v2\/types\/post"}],"author":[{"embeddable":true,"href":"http:\/\/www.tintoreriamaldonado.com\/blog\/wp-json\/wp\/v2\/users\/1"}],"replies":[{"embeddable":true,"href":"http:\/\/www.tintoreriamaldonado.com\/blog\/wp-json\/wp\/v2\/comments?post=1286"}],"version-history":[{"count":4,"href":"http:\/\/www.tintoreriamaldonado.com\/blog\/wp-json\/wp\/v2\/posts\/1286\/revisions"}],"predecessor-version":[{"id":1332,"href":"http:\/\/www.tintoreriamaldonado.com\/blog\/wp-json\/wp\/v2\/posts\/1286\/revisions\/1332"}],"wp:attachment":[{"href":"http:\/\/www.tintoreriamaldonado.com\/blog\/wp-json\/wp\/v2\/media?parent=1286"}],"wp:term":[{"taxonomy":"category","embeddable":true,"href":"http:\/\/www.tintoreriamaldonado.com\/blog\/wp-json\/wp\/v2\/categories?post=1286"},{"taxonomy":"post_tag","embeddable":true,"href":"http:\/\/www.tintoreriamaldonado.com\/blog\/wp-json\/wp\/v2\/tags?post=1286"}],"curies":[{"name":"wp","href":"https:\/\/api.w.org\/{rel}","templated":true}]}}