{"id":1614,"date":"2014-09-08T12:33:18","date_gmt":"2014-09-08T15:33:18","guid":{"rendered":"http:\/\/www.tintoreriamaldonado.com\/blog\/?p=1614"},"modified":"2014-09-08T12:35:01","modified_gmt":"2014-09-08T15:35:01","slug":"como-posicionar-emprendimientos-de-moda-i","status":"publish","type":"post","link":"http:\/\/www.tintoreriamaldonado.com\/blog\/como-posicionar-emprendimientos-de-moda-i","title":{"rendered":"Como posicionar emprendimientos de moda I"},"content":{"rendered":"<p><a href=\"http:\/\/www.tintoreriamaldonado.com\/blog\/wp-content\/uploads\/2014\/09\/emprendimientos.jpg\"><img loading=\"lazy\" decoding=\"async\" src=\"http:\/\/www.tintoreriamaldonado.com\/blog\/wp-content\/uploads\/2014\/09\/emprendimientos-300x201.jpg\" alt=\"emprendimientos\" width=\"300\" height=\"201\" class=\"alignleft size-medium wp-image-1615\" srcset=\"http:\/\/www.tintoreriamaldonado.com\/blog\/wp-content\/uploads\/2014\/09\/emprendimientos-300x201.jpg 300w, http:\/\/www.tintoreriamaldonado.com\/blog\/wp-content\/uploads\/2014\/09\/emprendimientos.jpg 640w\" sizes=\"auto, (max-width: 300px) 100vw, 300px\" \/><\/a>En cuanto a las claves para el lanzamiento exitoso de un emprendimiento de moda la oradora, Rosana Bruschini, destac\u00f3 la relevancia de la visi\u00f3n, aquello que aspiramos ser como empresa.<br \/>\nEl poder de la visi\u00f3n reside en que muestra la meta, define una direcci\u00f3n y cohesiona voluntades, de manera que se estructuren para llegar ad\u00f3nde nos dirigimos.<br \/>\nPor supuesto no es lo \u00fanico, hay otras \u00e1reas que acompa\u00f1an:<!--more--><\/p>\n<p> administraci\u00f3n, branding de marca, branding sensorial. Tener en cuenta estos factores inicialmente ayudan a construir la marca y a que sea m\u00e1s pregnante para el consumidor.<br \/>\nCuando estamos en cero, iniciando un negocio muchas veces no pensamos de manera planificada aspectos tales como conformar la empresa, los cimientos de mi marca y  la proyecci\u00f3n que le quiero dar. Es conveniente hacerlo, en lo posible en la primera etapa pero tambi\u00e9n puede ser m\u00e1s adelante. Pensar la visi\u00f3n del negocio, ad\u00f3nde quiero ir con esa marca. Implica trabajar con intangibles, lo que significa una tarea abstracta y dif\u00edcil de cuantificar. Transmitir una sensaci\u00f3n, un est\u00edmulo, hacer parte de un mundo al otro. Definir una propuesta de valor, incrementar esa propuesta. Diferenciarnos en producto pero acompa\u00f1\u00e1ndolo de intangibles.<br \/>\nLa pregunta b\u00e1sica que tenemos que hacernos es \u00bfQu\u00e9 tipo de negocio quiero tener?<br \/>\nTambi\u00e9n hay que realizar un trabajo de producto: buscar cu\u00e1les son las caracter\u00edsticas tangibles y destacarlas (producto de calidad, excelente confecci\u00f3n, producci\u00f3n a escala, variedad de colores). Costo beneficio.<br \/>\nSi no tiene un producto bien diferenciado se puede trabajar a escala, lo cual puede ser m\u00e1s rentable a corto plazo porque no implica tanta inversi\u00f3n en comunicaci\u00f3n pero tambi\u00e9n requerir un gran conocimiento del mercado.<br \/>\nLa otra opci\u00f3n es generar un posicionamiento de marca, teniendo en cuenta que es una tarea de largo plazo que implica cargar la marca de valor, transmitir sensaciones, sentimientos, humanizar la marca. Es cierto que se puede cobrar un adicional derivado de este trabajo bien hecho, pero el costo es m\u00e1s elevado y el plazo de recupero m\u00e1s largo.<br \/>\nA partir de ah\u00ed planteo la visi\u00f3n de mi empresa a futuro. Plan de negocios, plan de marketing, plan de comunicaci\u00f3n. La proyecci\u00f3n como empresa. Para pedir un cr\u00e9dito se necesita un plan de negocios. Hacer todo marca una ruta a seguir y lleva un a\u00f1o aproximadamente.<br \/>\nLuego se necesita cierta renovaci\u00f3n de la visi\u00f3n, idealmente cada 7 a\u00f1os. La idea es plantear una meta bien a futuro pero alcanzable.<br \/>\nEn la pr\u00f3xima edici\u00f3n hablaremos de la misi\u00f3n, valores e imagen de la empresa. <\/p>\n","protected":false},"excerpt":{"rendered":"<p>En cuanto a las claves para el lanzamiento exitoso de un emprendimiento de moda la oradora, Rosana Bruschini, destac\u00f3 la relevancia de la visi\u00f3n, aquello que aspiramos ser como empresa. El poder de la visi\u00f3n reside en que muestra la meta, define una direcci\u00f3n y cohesiona voluntades, de manera que se estructuren para llegar ad\u00f3nde [&hellip;]<\/p>\n","protected":false},"author":1,"featured_media":0,"comment_status":"closed","ping_status":"closed","sticky":false,"template":"","format":"standard","meta":{"_monsterinsights_skip_tracking":false,"_monsterinsights_sitenote_active":false,"_monsterinsights_sitenote_note":"","_monsterinsights_sitenote_category":0,"footnotes":""},"categories":[36,13,6],"tags":[],"class_list":["post-1614","post","type-post","status-publish","format-standard","hentry","category-actualidad","category-diseno-de-modas","category-emprendedores"],"_links":{"self":[{"href":"http:\/\/www.tintoreriamaldonado.com\/blog\/wp-json\/wp\/v2\/posts\/1614","targetHints":{"allow":["GET"]}}],"collection":[{"href":"http:\/\/www.tintoreriamaldonado.com\/blog\/wp-json\/wp\/v2\/posts"}],"about":[{"href":"http:\/\/www.tintoreriamaldonado.com\/blog\/wp-json\/wp\/v2\/types\/post"}],"author":[{"embeddable":true,"href":"http:\/\/www.tintoreriamaldonado.com\/blog\/wp-json\/wp\/v2\/users\/1"}],"replies":[{"embeddable":true,"href":"http:\/\/www.tintoreriamaldonado.com\/blog\/wp-json\/wp\/v2\/comments?post=1614"}],"version-history":[{"count":3,"href":"http:\/\/www.tintoreriamaldonado.com\/blog\/wp-json\/wp\/v2\/posts\/1614\/revisions"}],"predecessor-version":[{"id":1618,"href":"http:\/\/www.tintoreriamaldonado.com\/blog\/wp-json\/wp\/v2\/posts\/1614\/revisions\/1618"}],"wp:attachment":[{"href":"http:\/\/www.tintoreriamaldonado.com\/blog\/wp-json\/wp\/v2\/media?parent=1614"}],"wp:term":[{"taxonomy":"category","embeddable":true,"href":"http:\/\/www.tintoreriamaldonado.com\/blog\/wp-json\/wp\/v2\/categories?post=1614"},{"taxonomy":"post_tag","embeddable":true,"href":"http:\/\/www.tintoreriamaldonado.com\/blog\/wp-json\/wp\/v2\/tags?post=1614"}],"curies":[{"name":"wp","href":"https:\/\/api.w.org\/{rel}","templated":true}]}}