{"id":354,"date":"2012-03-07T17:39:23","date_gmt":"2012-03-07T20:39:23","guid":{"rendered":"http:\/\/www.tintoreriamaldonado.com\/blog\/?p=354"},"modified":"2012-03-29T20:59:11","modified_gmt":"2012-03-29T23:59:11","slug":"empieza-buenos-aires-moda","status":"publish","type":"post","link":"http:\/\/www.tintoreriamaldonado.com\/blog\/empieza-buenos-aires-moda","title":{"rendered":"Empieza Buenos Aires Moda:"},"content":{"rendered":"<p><a href=\"http:\/\/www.tintoreriamaldonado.com\/blog\/wp-content\/uploads\/2012\/03\/main_image.jpg\"><img loading=\"lazy\" decoding=\"async\" class=\"alignleft size-medium wp-image-355\" title=\"main_image\" src=\"http:\/\/www.tintoreriamaldonado.com\/blog\/wp-content\/uploads\/2012\/03\/main_image-216x300.jpg\" alt=\"\" width=\"216\" height=\"300\" srcset=\"http:\/\/www.tintoreriamaldonado.com\/blog\/wp-content\/uploads\/2012\/03\/main_image-216x300.jpg 216w, http:\/\/www.tintoreriamaldonado.com\/blog\/wp-content\/uploads\/2012\/03\/main_image.jpg 535w\" sizes=\"auto, (max-width: 216px) 100vw, 216px\" \/><\/a>Del 9 al 11 de Marzo 2012 se realizar\u00e1 el evento Buenos Aires Moda, \u00fanica exposici\u00f3n dedicada a la difusi\u00f3n y venta mayorista de art\u00edculos ligados al mundo de la moda.<\/p>\n<p>Una oportunidad para detectar las marcas principales de indumentaria y accesorios que aprovechan \u00e9sta exposici\u00f3n para mostrar sus colecciones a la prensa especializada, los compradores profesionales y a los<!--more--> visitantes de todo el pa\u00eds y del mundo, con una gran proyecci\u00f3n internacional que crece a\u00f1o a a\u00f1o.<\/p>\n<p>Durante tres d\u00edas, marcas y dise\u00f1adores presentan sus colecciones de manera personalizada a compradores y potenciales consumidores de sus productos que concurren a estos salones de venta.<\/p>\n<p>Buenos Aires Moda ofrece soluciones concretas y espec\u00edficas de comercializaci\u00f3n y difusi\u00f3n para el sector de la moda mayorista. Es una oportunidad de conocer nuevos proveedores, las tendencias internacionales, los productos de temporada que no\u00a0 pueden faltar, todo desde una perspectiva comercial y respetando el mercado local.<\/p>\n<p>Los organizadores clasifican y organizan la exposici\u00f3n gracias a un elaborado estudio de cada marca, dividiendo la exposici\u00f3n en 3 salones: \u201cExpresiones\u201d (donde se unen las marcas de primera l\u00ednea que manifiestan el impulso de la moda en su totalidad); \u201cNew Style\u201d (donde se muestran a los nuevos exponentes de la moda con creaciones in\u00e9ditas); y \u201cComplementos ( aqu\u00ed se presentan accesorios y complementos en general, con propuestas de calidad y referencia, que los transforman en la estrella de cada temporada gracias a su innovaci\u00f3n).<\/p>\n<p>El evento tambi\u00e9n cuenta con una larga lista de desfiles: m\u00e1s de 30 marcas y dise\u00f1adores de vanguardia muestran sus colecciones cada temporada ante la prensa especializada y los compradores\u00a0 mayoristas. Entre ellos est\u00e1n: Adriana Constantini, Susana Martino, Vanlon, Alfredo Serrano, Victoria Cossy, y muchos m\u00e1s.<\/p>\n<p>Buenos Aires Moda se ha posicionado como un canal privilegiado de difusi\u00f3n comercial, la carta de presentaci\u00f3n y vidriera para promocionar a las marcas y dise\u00f1adores en nuestro pa\u00eds y en el exterior.<\/p>\n<p>Para registrarse pueden ingresar a <a href=\"http:\/\/www.buenosairesmoda.com\/content\/exposicion.html\">http:\/\/www.buenosairesmoda.com\/content\/exposicion.html<\/a><\/p>\n<p>Fuente: <a href=\"http:\/\/www.buenosairesmoda.com\/\">http:\/\/www.buenosairesmoda.com\/<\/a><\/p>\n","protected":false},"excerpt":{"rendered":"<p>Del 9 al 11 de Marzo 2012 se realizar\u00e1 el evento Buenos Aires Moda, \u00fanica exposici\u00f3n dedicada a la difusi\u00f3n y venta mayorista de art\u00edculos ligados al mundo de la moda. Una oportunidad para detectar las marcas principales de indumentaria y accesorios que aprovechan \u00e9sta exposici\u00f3n para mostrar sus colecciones a la prensa especializada, los [&hellip;]<\/p>\n","protected":false},"author":1,"featured_media":0,"comment_status":"closed","ping_status":"closed","sticky":false,"template":"","format":"standard","meta":{"_monsterinsights_skip_tracking":false,"_monsterinsights_sitenote_active":false,"_monsterinsights_sitenote_note":"","_monsterinsights_sitenote_category":0,"footnotes":""},"categories":[18,4,7],"tags":[],"class_list":["post-354","post","type-post","status-publish","format-standard","hentry","category-eventos","category-industria-textil","category-moda"],"_links":{"self":[{"href":"http:\/\/www.tintoreriamaldonado.com\/blog\/wp-json\/wp\/v2\/posts\/354","targetHints":{"allow":["GET"]}}],"collection":[{"href":"http:\/\/www.tintoreriamaldonado.com\/blog\/wp-json\/wp\/v2\/posts"}],"about":[{"href":"http:\/\/www.tintoreriamaldonado.com\/blog\/wp-json\/wp\/v2\/types\/post"}],"author":[{"embeddable":true,"href":"http:\/\/www.tintoreriamaldonado.com\/blog\/wp-json\/wp\/v2\/users\/1"}],"replies":[{"embeddable":true,"href":"http:\/\/www.tintoreriamaldonado.com\/blog\/wp-json\/wp\/v2\/comments?post=354"}],"version-history":[{"count":3,"href":"http:\/\/www.tintoreriamaldonado.com\/blog\/wp-json\/wp\/v2\/posts\/354\/revisions"}],"predecessor-version":[{"id":380,"href":"http:\/\/www.tintoreriamaldonado.com\/blog\/wp-json\/wp\/v2\/posts\/354\/revisions\/380"}],"wp:attachment":[{"href":"http:\/\/www.tintoreriamaldonado.com\/blog\/wp-json\/wp\/v2\/media?parent=354"}],"wp:term":[{"taxonomy":"category","embeddable":true,"href":"http:\/\/www.tintoreriamaldonado.com\/blog\/wp-json\/wp\/v2\/categories?post=354"},{"taxonomy":"post_tag","embeddable":true,"href":"http:\/\/www.tintoreriamaldonado.com\/blog\/wp-json\/wp\/v2\/tags?post=354"}],"curies":[{"name":"wp","href":"https:\/\/api.w.org\/{rel}","templated":true}]}}