{"id":566,"date":"2012-07-27T14:52:56","date_gmt":"2012-07-27T17:52:56","guid":{"rendered":"http:\/\/www.tintoreriamaldonado.com\/blog\/?p=566"},"modified":"2012-07-27T14:57:33","modified_gmt":"2012-07-27T17:57:33","slug":"campana-publicitaria-bafweek-primaveraverano-201213","status":"publish","type":"post","link":"http:\/\/www.tintoreriamaldonado.com\/blog\/campana-publicitaria-bafweek-primaveraverano-201213","title":{"rendered":"Campa\u00f1a Publicitaria Bafweek Primavera\/Verano 2012\/13"},"content":{"rendered":"<p><a href=\"http:\/\/www.tintoreriamaldonado.com\/blog\/wp-content\/uploads\/2012\/07\/bafweek-primavera-verano-2013-moda1.jpg\"><img loading=\"lazy\" decoding=\"async\" class=\"alignleft size-full wp-image-569\" title=\"bafweek primavera verano 2013 moda\" src=\"http:\/\/www.tintoreriamaldonado.com\/blog\/wp-content\/uploads\/2012\/07\/bafweek-primavera-verano-2013-moda1.jpg\" alt=\"\" width=\"270\" height=\"448\" srcset=\"http:\/\/www.tintoreriamaldonado.com\/blog\/wp-content\/uploads\/2012\/07\/bafweek-primavera-verano-2013-moda1.jpg 450w, http:\/\/www.tintoreriamaldonado.com\/blog\/wp-content\/uploads\/2012\/07\/bafweek-primavera-verano-2013-moda1-180x300.jpg 180w\" sizes=\"auto, (max-width: 270px) 100vw, 270px\" \/><\/a><\/p>\n<p><strong>Dos grandes manifestaciones, el arte callejero y la moda, se unen para generar el concepto de campa\u00f1a de la edici\u00f3n BAFWEEK Primavera\/Verano 2012-13.<\/strong><\/p>\n<p>Los artistas urbanos celebran la expresi\u00f3n callejera y la creatividad como un discurso libre, la moda persigue los mismos objetivos y evoluciona buscando el aporte de otros espacios.<!--more--><\/p>\n<p>As\u00ed, esta campa\u00f1a se propone la inspiraci\u00f3n como una causa com\u00fan: la m\u00e1xima expresi\u00f3n de libertad. La combinaci\u00f3n del trabajo del dise\u00f1ador y el graffittero dieron como resultado prototipos plasmados con l\u00edneas, estampados y texturas diferentes. Una explosici\u00f3n de alegr\u00eda y color en piezas que tienen historias para contar.<\/p>\n<p>Los participantes de la campa\u00f1a fueron: Mariana Dappiano &amp; Luna Portnoi; Juana de Arco &amp; Pum Pum; Cora Groppo &amp; Natalia Molinero; Garza Lobos &amp; Jaz; Rudbeckia &amp; Tian Dink; Vicki Otero &amp; Consuelo Vidal y Jessica Trosman &amp; Lean Frizzera.<\/p>\n<p>M\u00e1s info: <a href=\"http:\/\/www.bafweek.com.ar\/\">http:\/\/www.bafweek.com.ar<\/a><\/p>\n\n\t\t<style type=\"text\/css\">\n\t\t\t#gallery-1 {\n\t\t\t\tmargin: auto;\n\t\t\t}\n\t\t\t#gallery-1 .gallery-item {\n\t\t\t\tfloat: left;\n\t\t\t\tmargin-top: 10px;\n\t\t\t\ttext-align: center;\n\t\t\t\twidth: 33%;\n\t\t\t}\n\t\t\t#gallery-1 img {\n\t\t\t\tborder: 2px solid #cfcfcf;\n\t\t\t}\n\t\t\t#gallery-1 .gallery-caption {\n\t\t\t\tmargin-left: 0;\n\t\t\t}\n\t\t\t\/* see gallery_shortcode() in wp-includes\/media.php *\/\n\t\t<\/style>\n\t\t<div id='gallery-1' class='gallery galleryid-566 gallery-columns-3 gallery-size-thumbnail'><dl class='gallery-item'>\n\t\t\t<dt class='gallery-icon portrait'>\n\t\t\t\t<a href='http:\/\/www.tintoreriamaldonado.com\/blog\/campana-publicitaria-bafweek-primaveraverano-201213\/backstagebafweek-17'><img loading=\"lazy\" decoding=\"async\" width=\"150\" height=\"150\" src=\"http:\/\/www.tintoreriamaldonado.com\/blog\/wp-content\/uploads\/2012\/07\/BackstageBAFWEEK-17-150x150.jpg\" class=\"attachment-thumbnail size-thumbnail\" alt=\"\" \/><\/a>\n\t\t\t<\/dt><\/dl><dl class='gallery-item'>\n\t\t\t<dt class='gallery-icon portrait'>\n\t\t\t\t<a href='http:\/\/www.tintoreriamaldonado.com\/blog\/campana-publicitaria-bafweek-primaveraverano-201213\/bafweek-primavera-verano-2013-moda'><img loading=\"lazy\" decoding=\"async\" width=\"150\" height=\"150\" src=\"http:\/\/www.tintoreriamaldonado.com\/blog\/wp-content\/uploads\/2012\/07\/bafweek-primavera-verano-2013-moda-150x150.jpg\" class=\"attachment-thumbnail size-thumbnail\" alt=\"\" \/><\/a>\n\t\t\t<\/dt><\/dl><dl class='gallery-item'>\n\t\t\t<dt class='gallery-icon portrait'>\n\t\t\t\t<a href='http:\/\/www.tintoreriamaldonado.com\/blog\/campana-publicitaria-bafweek-primaveraverano-201213\/bafweek-primavera-verano-2013-moda-2'><img loading=\"lazy\" decoding=\"async\" width=\"150\" height=\"150\" src=\"http:\/\/www.tintoreriamaldonado.com\/blog\/wp-content\/uploads\/2012\/07\/bafweek-primavera-verano-2013-moda1-150x150.jpg\" class=\"attachment-thumbnail size-thumbnail\" alt=\"\" \/><\/a>\n\t\t\t<\/dt><\/dl><br style=\"clear: both\" \/><dl class='gallery-item'>\n\t\t\t<dt class='gallery-icon landscape'>\n\t\t\t\t<a href='http:\/\/www.tintoreriamaldonado.com\/blog\/campana-publicitaria-bafweek-primaveraverano-201213\/backstagebafweek-03'><img loading=\"lazy\" decoding=\"async\" width=\"150\" height=\"150\" src=\"http:\/\/www.tintoreriamaldonado.com\/blog\/wp-content\/uploads\/2012\/07\/BackstageBAFWEEK-03-150x150.jpg\" class=\"attachment-thumbnail size-thumbnail\" alt=\"\" \/><\/a>\n\t\t\t<\/dt><\/dl><dl class='gallery-item'>\n\t\t\t<dt class='gallery-icon portrait'>\n\t\t\t\t<a href='http:\/\/www.tintoreriamaldonado.com\/blog\/campana-publicitaria-bafweek-primaveraverano-201213\/backstagebafweek-04'><img loading=\"lazy\" decoding=\"async\" width=\"150\" height=\"150\" src=\"http:\/\/www.tintoreriamaldonado.com\/blog\/wp-content\/uploads\/2012\/07\/BackstageBAFWEEK-04-150x150.jpg\" class=\"attachment-thumbnail size-thumbnail\" alt=\"\" \/><\/a>\n\t\t\t<\/dt><\/dl><dl class='gallery-item'>\n\t\t\t<dt class='gallery-icon landscape'>\n\t\t\t\t<a href='http:\/\/www.tintoreriamaldonado.com\/blog\/campana-publicitaria-bafweek-primaveraverano-201213\/backstagebafweek-08'><img loading=\"lazy\" decoding=\"async\" width=\"150\" height=\"150\" src=\"http:\/\/www.tintoreriamaldonado.com\/blog\/wp-content\/uploads\/2012\/07\/BackstageBAFWEEK-08-150x150.jpg\" class=\"attachment-thumbnail size-thumbnail\" alt=\"\" \/><\/a>\n\t\t\t<\/dt><\/dl><br style=\"clear: both\" \/><dl class='gallery-item'>\n\t\t\t<dt class='gallery-icon landscape'>\n\t\t\t\t<a href='http:\/\/www.tintoreriamaldonado.com\/blog\/campana-publicitaria-bafweek-primaveraverano-201213\/backstagebafweek-10'><img loading=\"lazy\" decoding=\"async\" width=\"150\" height=\"150\" src=\"http:\/\/www.tintoreriamaldonado.com\/blog\/wp-content\/uploads\/2012\/07\/BackstageBAFWEEK-10-150x150.jpg\" class=\"attachment-thumbnail size-thumbnail\" alt=\"\" \/><\/a>\n\t\t\t<\/dt><\/dl><dl class='gallery-item'>\n\t\t\t<dt class='gallery-icon landscape'>\n\t\t\t\t<a href='http:\/\/www.tintoreriamaldonado.com\/blog\/campana-publicitaria-bafweek-primaveraverano-201213\/backstagebafweek-13'><img loading=\"lazy\" decoding=\"async\" width=\"150\" height=\"150\" src=\"http:\/\/www.tintoreriamaldonado.com\/blog\/wp-content\/uploads\/2012\/07\/BackstageBAFWEEK-13-150x150.jpg\" class=\"attachment-thumbnail size-thumbnail\" alt=\"\" \/><\/a>\n\t\t\t<\/dt><\/dl><dl class='gallery-item'>\n\t\t\t<dt class='gallery-icon landscape'>\n\t\t\t\t<a href='http:\/\/www.tintoreriamaldonado.com\/blog\/campana-publicitaria-bafweek-primaveraverano-201213\/backstagebafweek-14'><img loading=\"lazy\" decoding=\"async\" width=\"150\" height=\"150\" src=\"http:\/\/www.tintoreriamaldonado.com\/blog\/wp-content\/uploads\/2012\/07\/BackstageBAFWEEK-14-150x150.jpg\" class=\"attachment-thumbnail size-thumbnail\" alt=\"\" \/><\/a>\n\t\t\t<\/dt><\/dl><br style=\"clear: both\" \/><dl class='gallery-item'>\n\t\t\t<dt class='gallery-icon landscape'>\n\t\t\t\t<a href='http:\/\/www.tintoreriamaldonado.com\/blog\/campana-publicitaria-bafweek-primaveraverano-201213\/backstagebafweek-15'><img loading=\"lazy\" decoding=\"async\" width=\"150\" height=\"150\" src=\"http:\/\/www.tintoreriamaldonado.com\/blog\/wp-content\/uploads\/2012\/07\/BackstageBAFWEEK-15-150x150.jpg\" class=\"attachment-thumbnail size-thumbnail\" alt=\"\" \/><\/a>\n\t\t\t<\/dt><\/dl><dl class='gallery-item'>\n\t\t\t<dt class='gallery-icon landscape'>\n\t\t\t\t<a href='http:\/\/www.tintoreriamaldonado.com\/blog\/campana-publicitaria-bafweek-primaveraverano-201213\/backstagebafweek-16'><img loading=\"lazy\" decoding=\"async\" width=\"150\" height=\"150\" src=\"http:\/\/www.tintoreriamaldonado.com\/blog\/wp-content\/uploads\/2012\/07\/BackstageBAFWEEK-16-150x150.jpg\" class=\"attachment-thumbnail size-thumbnail\" alt=\"\" \/><\/a>\n\t\t\t<\/dt><\/dl><dl class='gallery-item'>\n\t\t\t<dt class='gallery-icon portrait'>\n\t\t\t\t<a href='http:\/\/www.tintoreriamaldonado.com\/blog\/campana-publicitaria-bafweek-primaveraverano-201213\/backstagebafweek-17-2'><img loading=\"lazy\" decoding=\"async\" width=\"150\" height=\"150\" src=\"http:\/\/www.tintoreriamaldonado.com\/blog\/wp-content\/uploads\/2012\/07\/BackstageBAFWEEK-171-150x150.jpg\" class=\"attachment-thumbnail size-thumbnail\" alt=\"\" \/><\/a>\n\t\t\t<\/dt><\/dl><br style=\"clear: both\" \/><dl class='gallery-item'>\n\t\t\t<dt class='gallery-icon landscape'>\n\t\t\t\t<a href='http:\/\/www.tintoreriamaldonado.com\/blog\/campana-publicitaria-bafweek-primaveraverano-201213\/backstagebafweek-18'><img loading=\"lazy\" decoding=\"async\" width=\"150\" height=\"150\" src=\"http:\/\/www.tintoreriamaldonado.com\/blog\/wp-content\/uploads\/2012\/07\/BackstageBAFWEEK-18-150x150.jpg\" class=\"attachment-thumbnail size-thumbnail\" alt=\"\" \/><\/a>\n\t\t\t<\/dt><\/dl><dl class='gallery-item'>\n\t\t\t<dt class='gallery-icon portrait'>\n\t\t\t\t<a href='http:\/\/www.tintoreriamaldonado.com\/blog\/campana-publicitaria-bafweek-primaveraverano-201213\/backstagebafweek-19'><img loading=\"lazy\" decoding=\"async\" width=\"150\" height=\"150\" src=\"http:\/\/www.tintoreriamaldonado.com\/blog\/wp-content\/uploads\/2012\/07\/BackstageBAFWEEK-19-150x150.jpg\" class=\"attachment-thumbnail size-thumbnail\" alt=\"\" \/><\/a>\n\t\t\t<\/dt><\/dl><dl class='gallery-item'>\n\t\t\t<dt class='gallery-icon landscape'>\n\t\t\t\t<a href='http:\/\/www.tintoreriamaldonado.com\/blog\/campana-publicitaria-bafweek-primaveraverano-201213\/backstagebafweek-20'><img loading=\"lazy\" decoding=\"async\" width=\"150\" height=\"150\" src=\"http:\/\/www.tintoreriamaldonado.com\/blog\/wp-content\/uploads\/2012\/07\/BackstageBAFWEEK-20-150x150.jpg\" class=\"attachment-thumbnail size-thumbnail\" alt=\"\" \/><\/a>\n\t\t\t<\/dt><\/dl><br style=\"clear: both\" \/><dl class='gallery-item'>\n\t\t\t<dt class='gallery-icon landscape'>\n\t\t\t\t<a href='http:\/\/www.tintoreriamaldonado.com\/blog\/campana-publicitaria-bafweek-primaveraverano-201213\/backstagebafweek-21'><img loading=\"lazy\" decoding=\"async\" width=\"150\" height=\"150\" src=\"http:\/\/www.tintoreriamaldonado.com\/blog\/wp-content\/uploads\/2012\/07\/BackstageBAFWEEK-21-150x150.jpg\" class=\"attachment-thumbnail size-thumbnail\" alt=\"\" \/><\/a>\n\t\t\t<\/dt><\/dl>\n\t\t\t<br style='clear: both' \/>\n\t\t<\/div>\n\n<p>Fuente de las fotos: <a href=\"http:\/\/bafashionbloggers.blogspot.com.ar\/2012\/07\/backstage-en-la-campana-de-bafweek.html\">http:\/\/bafashionbloggers.blogspot.com.ar\/2012\/07\/backstage-en-la-campana-de-bafweek.html<\/a><\/p>\n","protected":false},"excerpt":{"rendered":"<p>Dos grandes manifestaciones, el arte callejero y la moda, se unen para generar el concepto de campa\u00f1a de la edici\u00f3n BAFWEEK Primavera\/Verano 2012-13. Los artistas urbanos celebran la expresi\u00f3n callejera y la creatividad como un discurso libre, la moda persigue los mismos objetivos y evoluciona buscando el aporte de otros espacios.<\/p>\n","protected":false},"author":1,"featured_media":0,"comment_status":"closed","ping_status":"closed","sticky":false,"template":"","format":"standard","meta":{"_monsterinsights_skip_tracking":false,"_monsterinsights_sitenote_active":false,"_monsterinsights_sitenote_note":"","_monsterinsights_sitenote_category":0,"footnotes":""},"categories":[18,4,7],"tags":[],"class_list":["post-566","post","type-post","status-publish","format-standard","hentry","category-eventos","category-industria-textil","category-moda"],"_links":{"self":[{"href":"http:\/\/www.tintoreriamaldonado.com\/blog\/wp-json\/wp\/v2\/posts\/566","targetHints":{"allow":["GET"]}}],"collection":[{"href":"http:\/\/www.tintoreriamaldonado.com\/blog\/wp-json\/wp\/v2\/posts"}],"about":[{"href":"http:\/\/www.tintoreriamaldonado.com\/blog\/wp-json\/wp\/v2\/types\/post"}],"author":[{"embeddable":true,"href":"http:\/\/www.tintoreriamaldonado.com\/blog\/wp-json\/wp\/v2\/users\/1"}],"replies":[{"embeddable":true,"href":"http:\/\/www.tintoreriamaldonado.com\/blog\/wp-json\/wp\/v2\/comments?post=566"}],"version-history":[{"count":7,"href":"http:\/\/www.tintoreriamaldonado.com\/blog\/wp-json\/wp\/v2\/posts\/566\/revisions"}],"predecessor-version":[{"id":588,"href":"http:\/\/www.tintoreriamaldonado.com\/blog\/wp-json\/wp\/v2\/posts\/566\/revisions\/588"}],"wp:attachment":[{"href":"http:\/\/www.tintoreriamaldonado.com\/blog\/wp-json\/wp\/v2\/media?parent=566"}],"wp:term":[{"taxonomy":"category","embeddable":true,"href":"http:\/\/www.tintoreriamaldonado.com\/blog\/wp-json\/wp\/v2\/categories?post=566"},{"taxonomy":"post_tag","embeddable":true,"href":"http:\/\/www.tintoreriamaldonado.com\/blog\/wp-json\/wp\/v2\/tags?post=566"}],"curies":[{"name":"wp","href":"https:\/\/api.w.org\/{rel}","templated":true}]}}