{"id":605,"date":"2012-08-10T12:04:20","date_gmt":"2012-08-10T15:04:20","guid":{"rendered":"http:\/\/www.tintoreriamaldonado.com\/blog\/?p=605"},"modified":"2012-08-22T14:34:07","modified_gmt":"2012-08-22T17:34:07","slug":"se-viene-el-bafweek-primaveraverano-2012-13","status":"publish","type":"post","link":"http:\/\/www.tintoreriamaldonado.com\/blog\/se-viene-el-bafweek-primaveraverano-2012-13","title":{"rendered":"Se viene el Bafweek Primavera\/Verano 2012-13"},"content":{"rendered":"<p><strong><a href=\"http:\/\/www.tintoreriamaldonado.com\/blog\/wp-content\/uploads\/2012\/08\/bafweek-2013.jpg\"><img loading=\"lazy\" decoding=\"async\" class=\"alignleft size-full wp-image-606\" title=\"bafweek-2013\" src=\"http:\/\/www.tintoreriamaldonado.com\/blog\/wp-content\/uploads\/2012\/08\/bafweek-2013.jpg\" alt=\"\" width=\"314\" height=\"477\" srcset=\"http:\/\/www.tintoreriamaldonado.com\/blog\/wp-content\/uploads\/2012\/08\/bafweek-2013.jpg 393w, http:\/\/www.tintoreriamaldonado.com\/blog\/wp-content\/uploads\/2012\/08\/bafweek-2013-197x300.jpg 197w\" sizes=\"auto, (max-width: 314px) 100vw, 314px\" \/><\/a>Del 7 al 10 de agosto se realizar\u00e1 el Bafweek en el Pabell\u00f3n Azul de la Rural. Te contamos todo sobre el evento fashion de la temporada.<\/strong><\/p>\n<p>Este invierno se reunir\u00e1n los dise\u00f1adores y las marcas argentinas m\u00e1s importantes para mostrarnos las tendencias y colecciones que vestir\u00e1n las calles la pr\u00f3xima temporada Primavera\/Verano.<!--more--><\/p>\n<p>La nueva campa\u00f1a, bajo el lema \u201cArte Callejero y Moda en la Campa\u00f1a Primavera\/Verano 2012-13\u201d, celebra la expresi\u00f3n callejera y la creatividad como un discurso libre, donde la moda busca \u00a0los mismos objetivos y crece buscando el aporte de otros espacios. Inspirada en la selva tropical, las prendas se camuflan con el paisaje, los estampados y las texturas, en concordancia con las tendencias que se ven para la pr\u00f3xima temporada.<\/p>\n<p>El evento tambi\u00e9n contar\u00e1 con la secci\u00f3n \u201cSemillero UBA BAFWEEK\u201d, donde dos estudiantes de la Carrera de Dise\u00f1o de Indumentaria y Textil de la Universidad de Buenos Aires fueron seleccionadas ganadoras para presentar sus colecciones, con la idea de promover y apoyar el dise\u00f1o de estudiantes aportando experimentaci\u00f3n a la industria de la moda argentina.<\/p>\n<p>En el Bafweek no faltar\u00e1n los Showrooms, con la presencia de: Amagi, Basilotta, Clan Issime, Cuarto Colorado, Daniela Sartori\/Luz Ballesteros, Paula Y Agustina Ricci, Florencia Llompart, Gaby Borgarel, Gorrion, Jesus Fernandez, Katakali, La Leopolda, Lisbono, Lorena G, Mogoya ropa, Mia Cruz, Miss Camelot, Positivo, Skin factory, entre otros.<\/p>\n<p>Entre los desfiles, las marcas que presentar\u00e1n sus colecciones son: Chocolate, Cheeky, Desiderata, Evangelina Bomparola, Wanama, Las Pepas, Visentini, \u00a0Emilse Benitez, Amores Trash Couture, Muaa por Mariano Toledo (<a href=\"http:\/\/www.tintoreriamaldonado.com\/blog\/co-design-en-el-diseno-de-colecciones\" target=\"_blank\">del que hicimos una nota sobre su colaboraci\u00f3n<\/a>), Vitamina, Como quieres que te quiera, Ona Saez, y muchos m\u00e1s. Si quer\u00e9s ver la grilla completa, pod\u00e9s visitar el sitio web del Bafweek <a href=\"http:\/\/www.bafweek.com.ar\/\">http:\/\/www.bafweek.com.ar<\/a><\/p>\n","protected":false},"excerpt":{"rendered":"<p>Del 7 al 10 de agosto se realizar\u00e1 el Bafweek en el Pabell\u00f3n Azul de la Rural. Te contamos todo sobre el evento fashion de la temporada. Este invierno se reunir\u00e1n los dise\u00f1adores y las marcas argentinas m\u00e1s importantes para mostrarnos las tendencias y colecciones que vestir\u00e1n las calles la pr\u00f3xima temporada Primavera\/Verano.<\/p>\n","protected":false},"author":1,"featured_media":0,"comment_status":"closed","ping_status":"closed","sticky":false,"template":"","format":"standard","meta":{"_monsterinsights_skip_tracking":false,"_monsterinsights_sitenote_active":false,"_monsterinsights_sitenote_note":"","_monsterinsights_sitenote_category":0,"footnotes":""},"categories":[36,13,18,4,7],"tags":[],"class_list":["post-605","post","type-post","status-publish","format-standard","hentry","category-actualidad","category-diseno-de-modas","category-eventos","category-industria-textil","category-moda"],"_links":{"self":[{"href":"http:\/\/www.tintoreriamaldonado.com\/blog\/wp-json\/wp\/v2\/posts\/605","targetHints":{"allow":["GET"]}}],"collection":[{"href":"http:\/\/www.tintoreriamaldonado.com\/blog\/wp-json\/wp\/v2\/posts"}],"about":[{"href":"http:\/\/www.tintoreriamaldonado.com\/blog\/wp-json\/wp\/v2\/types\/post"}],"author":[{"embeddable":true,"href":"http:\/\/www.tintoreriamaldonado.com\/blog\/wp-json\/wp\/v2\/users\/1"}],"replies":[{"embeddable":true,"href":"http:\/\/www.tintoreriamaldonado.com\/blog\/wp-json\/wp\/v2\/comments?post=605"}],"version-history":[{"count":2,"href":"http:\/\/www.tintoreriamaldonado.com\/blog\/wp-json\/wp\/v2\/posts\/605\/revisions"}],"predecessor-version":[{"id":613,"href":"http:\/\/www.tintoreriamaldonado.com\/blog\/wp-json\/wp\/v2\/posts\/605\/revisions\/613"}],"wp:attachment":[{"href":"http:\/\/www.tintoreriamaldonado.com\/blog\/wp-json\/wp\/v2\/media?parent=605"}],"wp:term":[{"taxonomy":"category","embeddable":true,"href":"http:\/\/www.tintoreriamaldonado.com\/blog\/wp-json\/wp\/v2\/categories?post=605"},{"taxonomy":"post_tag","embeddable":true,"href":"http:\/\/www.tintoreriamaldonado.com\/blog\/wp-json\/wp\/v2\/tags?post=605"}],"curies":[{"name":"wp","href":"https:\/\/api.w.org\/{rel}","templated":true}]}}