{"id":608,"date":"2012-08-10T12:09:07","date_gmt":"2012-08-10T15:09:07","guid":{"rendered":"http:\/\/www.tintoreriamaldonado.com\/blog\/?p=608"},"modified":"2012-08-22T14:32:51","modified_gmt":"2012-08-22T17:32:51","slug":"buenos-aires-moda-nos-trae-su-edicion-51","status":"publish","type":"post","link":"http:\/\/www.tintoreriamaldonado.com\/blog\/buenos-aires-moda-nos-trae-su-edicion-51","title":{"rendered":"BUENOS AIRES MODA nos trae su edici\u00f3n #51"},"content":{"rendered":"<p><strong><a href=\"http:\/\/www.tintoreriamaldonado.com\/blog\/wp-content\/uploads\/2012\/08\/buenos-aires-moda.jpg\"><img loading=\"lazy\" decoding=\"async\" class=\"alignleft size-full wp-image-609\" title=\"buenos-aires-moda\" src=\"http:\/\/www.tintoreriamaldonado.com\/blog\/wp-content\/uploads\/2012\/08\/buenos-aires-moda.jpg\" alt=\"\" width=\"306\" height=\"425\" srcset=\"http:\/\/www.tintoreriamaldonado.com\/blog\/wp-content\/uploads\/2012\/08\/buenos-aires-moda.jpg 426w, http:\/\/www.tintoreriamaldonado.com\/blog\/wp-content\/uploads\/2012\/08\/buenos-aires-moda-216x300.jpg 216w\" sizes=\"auto, (max-width: 306px) 100vw, 306px\" \/><\/a>La exposici\u00f3n profesional de moda por Mayor nos presenta sus mejores propuestas, marcas y dise\u00f1adores para la temporada 2012\/13.<\/strong><\/p>\n<p>Los d\u00edas 18,19 y 20 de Agosto 2012 se realizar\u00e1n en el pabell\u00f3n 6 del Centro Costa Salguero<strong> <\/strong>el evento BUENOS AIRES MODA 2012\/13 por la edici\u00f3n PRIMAVERA-VERANO, con el objetivo de mostrar nuevas propuestas comerciales de dise\u00f1adores profesionales y\/o marcas reconocidas.<\/p>\n<p>Esta edici\u00f3n contar\u00e1 con<!--more--> las acostumbradas secciones de \u00a0conferencias, charlas, desfiles, exposiciones, sal\u00f3n de venta y editorial de moda, donde se promueve la difusi\u00f3n y ventas por mayor de marcas y dise\u00f1adores de indumentaria, moda \u00edntima y playa, accesorios, complementos y servicios de moda dirigidos a locales multimarcas nacionales e internacionales, prensa especializada y principales actores de la industria.<\/p>\n<p>Entre lo nuevo, se destaca el Sal\u00f3n Intima &amp; Playa: espacio exclusivo para los dise\u00f1adores de lencer\u00eda, corseter\u00eda, medias, trajes de ba\u00f1o, moda playa y sus accesorios. Tambi\u00e9n contar\u00e1 con: Sal\u00f3n Expresiones (Universo predilecto de las marcas y de los creadores de prestigio de la moda); Sal\u00f3n New Style (para los talentos emergentes); Sal\u00f3n Complementos (con las mejores propuestas en accesorios, marroquiner\u00eda, calzado, joyer\u00eda, arte, objetos y decoraci\u00f3n, adem\u00e1s de los principales servicios para los locales multimarca.<\/p>\n<p>El ciclo de desfiles de Buenos Aires Moda brinda todas las tendencias y una propuesta de vanguardia, con m\u00e1s de 30 marcas y dise\u00f1adores que van a desplegar frente a compradores mayoristas, prensa especializada y profesionales sus colecciones. Los destacados son: el s\u00e1bado 18 se podr\u00e1 ver a Calyx, Micheluzzi, Alfredo Serrano y Mirta Armesto. El domingo 19: Vanlon, Vars, Lisobono, Agostina Bianchi, Jes\u00fas Fern\u00e1ndez. Lunes 20: Clan Issime.<\/p>\n<p>M\u00e1s informaci\u00f3n:\u00a0 <a href=\"http:\/\/www.buenosairesmoda.com\/\">http:\/\/www.buenosairesmoda.com<\/a><\/p>\n","protected":false},"excerpt":{"rendered":"<p>La exposici\u00f3n profesional de moda por Mayor nos presenta sus mejores propuestas, marcas y dise\u00f1adores para la temporada 2012\/13. Los d\u00edas 18,19 y 20 de Agosto 2012 se realizar\u00e1n en el pabell\u00f3n 6 del Centro Costa Salguero el evento BUENOS AIRES MODA 2012\/13 por la edici\u00f3n PRIMAVERA-VERANO, con el objetivo de mostrar nuevas propuestas comerciales [&hellip;]<\/p>\n","protected":false},"author":1,"featured_media":0,"comment_status":"closed","ping_status":"closed","sticky":false,"template":"","format":"standard","meta":{"_monsterinsights_skip_tracking":false,"_monsterinsights_sitenote_active":false,"_monsterinsights_sitenote_note":"","_monsterinsights_sitenote_category":0,"footnotes":""},"categories":[36,13,18,4,7],"tags":[],"class_list":["post-608","post","type-post","status-publish","format-standard","hentry","category-actualidad","category-diseno-de-modas","category-eventos","category-industria-textil","category-moda"],"_links":{"self":[{"href":"http:\/\/www.tintoreriamaldonado.com\/blog\/wp-json\/wp\/v2\/posts\/608","targetHints":{"allow":["GET"]}}],"collection":[{"href":"http:\/\/www.tintoreriamaldonado.com\/blog\/wp-json\/wp\/v2\/posts"}],"about":[{"href":"http:\/\/www.tintoreriamaldonado.com\/blog\/wp-json\/wp\/v2\/types\/post"}],"author":[{"embeddable":true,"href":"http:\/\/www.tintoreriamaldonado.com\/blog\/wp-json\/wp\/v2\/users\/1"}],"replies":[{"embeddable":true,"href":"http:\/\/www.tintoreriamaldonado.com\/blog\/wp-json\/wp\/v2\/comments?post=608"}],"version-history":[{"count":3,"href":"http:\/\/www.tintoreriamaldonado.com\/blog\/wp-json\/wp\/v2\/posts\/608\/revisions"}],"predecessor-version":[{"id":611,"href":"http:\/\/www.tintoreriamaldonado.com\/blog\/wp-json\/wp\/v2\/posts\/608\/revisions\/611"}],"wp:attachment":[{"href":"http:\/\/www.tintoreriamaldonado.com\/blog\/wp-json\/wp\/v2\/media?parent=608"}],"wp:term":[{"taxonomy":"category","embeddable":true,"href":"http:\/\/www.tintoreriamaldonado.com\/blog\/wp-json\/wp\/v2\/categories?post=608"},{"taxonomy":"post_tag","embeddable":true,"href":"http:\/\/www.tintoreriamaldonado.com\/blog\/wp-json\/wp\/v2\/tags?post=608"}],"curies":[{"name":"wp","href":"https:\/\/api.w.org\/{rel}","templated":true}]}}