{"id":644,"date":"2012-08-29T11:46:53","date_gmt":"2012-08-29T14:46:53","guid":{"rendered":"http:\/\/www.tintoreriamaldonado.com\/blog\/?p=644"},"modified":"2012-08-29T11:47:14","modified_gmt":"2012-08-29T14:47:14","slug":"pro-textil-2012","status":"publish","type":"post","link":"http:\/\/www.tintoreriamaldonado.com\/blog\/pro-textil-2012","title":{"rendered":"Pro Textil 2012"},"content":{"rendered":"<p><a href=\"http:\/\/www.tintoreriamaldonado.com\/blog\/wp-content\/uploads\/2012\/08\/protextil_1.jpg\"><img loading=\"lazy\" decoding=\"async\" class=\"alignleft size-full wp-image-645\" title=\"protextil_1\" src=\"http:\/\/www.tintoreriamaldonado.com\/blog\/wp-content\/uploads\/2012\/08\/protextil_1.jpg\" alt=\"\" width=\"410\" height=\"574\" srcset=\"http:\/\/www.tintoreriamaldonado.com\/blog\/wp-content\/uploads\/2012\/08\/protextil_1.jpg 410w, http:\/\/www.tintoreriamaldonado.com\/blog\/wp-content\/uploads\/2012\/08\/protextil_1-214x300.jpg 214w\" sizes=\"auto, (max-width: 410px) 100vw, 410px\" \/><\/a>La Fundaci\u00f3n Pro Tejer invita a participar de la 8va Convenci\u00f3n Anual de la Agro Industria Textil y de Indumentaria PROTEXTIL 12.<br \/>\nEl encuentro se realizar\u00e1 el d\u00eda martes 11 de septiembre de 8.15 a 16 hs en el Sal\u00f3n Auditorio de La Rural.<\/p>\n<p>Para m\u00e1s informaci\u00f3n acerca del programa de charlas y debates, <a href=\"http:\/\/www.fundacionprotejer.com\/protextil12\/\" target=\"_blank\">hac\u00e9 click aqu\u00ed<\/a>.<\/p>\n","protected":false},"excerpt":{"rendered":"<p>La Fundaci\u00f3n Pro Tejer invita a participar de la 8va Convenci\u00f3n Anual de la Agro Industria Textil y de Indumentaria PROTEXTIL 12. El encuentro se realizar\u00e1 el d\u00eda martes 11 de septiembre de 8.15 a 16 hs en el Sal\u00f3n Auditorio de La Rural. Para m\u00e1s informaci\u00f3n acerca del programa de charlas y debates, hac\u00e9 [&hellip;]<\/p>\n","protected":false},"author":1,"featured_media":0,"comment_status":"closed","ping_status":"closed","sticky":false,"template":"","format":"standard","meta":{"_monsterinsights_skip_tracking":false,"_monsterinsights_sitenote_active":false,"_monsterinsights_sitenote_note":"","_monsterinsights_sitenote_category":0,"footnotes":""},"categories":[18,4],"tags":[],"class_list":["post-644","post","type-post","status-publish","format-standard","hentry","category-eventos","category-industria-textil"],"_links":{"self":[{"href":"http:\/\/www.tintoreriamaldonado.com\/blog\/wp-json\/wp\/v2\/posts\/644","targetHints":{"allow":["GET"]}}],"collection":[{"href":"http:\/\/www.tintoreriamaldonado.com\/blog\/wp-json\/wp\/v2\/posts"}],"about":[{"href":"http:\/\/www.tintoreriamaldonado.com\/blog\/wp-json\/wp\/v2\/types\/post"}],"author":[{"embeddable":true,"href":"http:\/\/www.tintoreriamaldonado.com\/blog\/wp-json\/wp\/v2\/users\/1"}],"replies":[{"embeddable":true,"href":"http:\/\/www.tintoreriamaldonado.com\/blog\/wp-json\/wp\/v2\/comments?post=644"}],"version-history":[{"count":3,"href":"http:\/\/www.tintoreriamaldonado.com\/blog\/wp-json\/wp\/v2\/posts\/644\/revisions"}],"predecessor-version":[{"id":648,"href":"http:\/\/www.tintoreriamaldonado.com\/blog\/wp-json\/wp\/v2\/posts\/644\/revisions\/648"}],"wp:attachment":[{"href":"http:\/\/www.tintoreriamaldonado.com\/blog\/wp-json\/wp\/v2\/media?parent=644"}],"wp:term":[{"taxonomy":"category","embeddable":true,"href":"http:\/\/www.tintoreriamaldonado.com\/blog\/wp-json\/wp\/v2\/categories?post=644"},{"taxonomy":"post_tag","embeddable":true,"href":"http:\/\/www.tintoreriamaldonado.com\/blog\/wp-json\/wp\/v2\/tags?post=644"}],"curies":[{"name":"wp","href":"https:\/\/api.w.org\/{rel}","templated":true}]}}