{"id":689,"date":"2012-09-29T13:59:12","date_gmt":"2012-09-29T16:59:12","guid":{"rendered":"http:\/\/www.tintoreriamaldonado.com\/blog\/?p=689"},"modified":"2012-09-29T01:04:12","modified_gmt":"2012-09-29T04:04:12","slug":"feliz-dia-del-disenador-de-indumentaria-y-textil","status":"publish","type":"post","link":"http:\/\/www.tintoreriamaldonado.com\/blog\/feliz-dia-del-disenador-de-indumentaria-y-textil","title":{"rendered":"Feliz D\u00eda del Dise\u00f1ador de Indumentaria y Textil!"},"content":{"rendered":"<p><a href=\"http:\/\/www.tintoreriamaldonado.com\/blog\/wp-content\/uploads\/2012\/09\/diadise\u00f1o1.jpg\"><img loading=\"lazy\" decoding=\"async\" src=\"http:\/\/www.tintoreriamaldonado.com\/blog\/wp-content\/uploads\/2012\/09\/diadise\u00f1o1.jpg\" alt=\"\" title=\"D\u00eda del dise\u00f1ador textil\" width=\"488\" height=\"360\" class=\"aligncenter size-full wp-image-693\" srcset=\"http:\/\/www.tintoreriamaldonado.com\/blog\/wp-content\/uploads\/2012\/09\/diadise\u00f1o1.jpg 488w, http:\/\/www.tintoreriamaldonado.com\/blog\/wp-content\/uploads\/2012\/09\/diadise\u00f1o1-300x221.jpg 300w\" sizes=\"auto, (max-width: 488px) 100vw, 488px\" \/><\/a><br \/>\nEn el a\u00f1o 2011 la UBA estableci\u00f3 el 29 de septiembre como el d\u00eda del Dise\u00f1ador de Indumentaria y Textil. Fue un festejo conmemorativo e hist\u00f3rico de todo aquello que se gest\u00f3 a partir del nacimiento de la carrera en la facultad, y una puesta en valor de todos los que colaboraron en este proceso.<\/p>\n<div>\n<div><a rel=\"theater\" href=\"http:\/\/www.facebook.com\/photo.php?fbid=350104498407924&amp;set=a.113675055384204.25394.108969402521436&amp;type=1&amp;relevant_count=1\"><\/a><\/div>\n<\/div>\n","protected":false},"excerpt":{"rendered":"<p>En el a\u00f1o 2011 la UBA estableci\u00f3 el 29 de septiembre como el d\u00eda del Dise\u00f1ador de Indumentaria y Textil. Fue un festejo conmemorativo e hist\u00f3rico de todo aquello que se gest\u00f3 a partir del nacimiento de la carrera en la facultad, y una puesta en valor de todos los que colaboraron en este proceso.<\/p>\n","protected":false},"author":1,"featured_media":0,"comment_status":"closed","ping_status":"closed","sticky":false,"template":"","format":"standard","meta":{"_monsterinsights_skip_tracking":false,"_monsterinsights_sitenote_active":false,"_monsterinsights_sitenote_note":"","_monsterinsights_sitenote_category":0,"footnotes":""},"categories":[36,4],"tags":[],"class_list":["post-689","post","type-post","status-publish","format-standard","hentry","category-actualidad","category-industria-textil"],"_links":{"self":[{"href":"http:\/\/www.tintoreriamaldonado.com\/blog\/wp-json\/wp\/v2\/posts\/689","targetHints":{"allow":["GET"]}}],"collection":[{"href":"http:\/\/www.tintoreriamaldonado.com\/blog\/wp-json\/wp\/v2\/posts"}],"about":[{"href":"http:\/\/www.tintoreriamaldonado.com\/blog\/wp-json\/wp\/v2\/types\/post"}],"author":[{"embeddable":true,"href":"http:\/\/www.tintoreriamaldonado.com\/blog\/wp-json\/wp\/v2\/users\/1"}],"replies":[{"embeddable":true,"href":"http:\/\/www.tintoreriamaldonado.com\/blog\/wp-json\/wp\/v2\/comments?post=689"}],"version-history":[{"count":3,"href":"http:\/\/www.tintoreriamaldonado.com\/blog\/wp-json\/wp\/v2\/posts\/689\/revisions"}],"predecessor-version":[{"id":692,"href":"http:\/\/www.tintoreriamaldonado.com\/blog\/wp-json\/wp\/v2\/posts\/689\/revisions\/692"}],"wp:attachment":[{"href":"http:\/\/www.tintoreriamaldonado.com\/blog\/wp-json\/wp\/v2\/media?parent=689"}],"wp:term":[{"taxonomy":"category","embeddable":true,"href":"http:\/\/www.tintoreriamaldonado.com\/blog\/wp-json\/wp\/v2\/categories?post=689"},{"taxonomy":"post_tag","embeddable":true,"href":"http:\/\/www.tintoreriamaldonado.com\/blog\/wp-json\/wp\/v2\/tags?post=689"}],"curies":[{"name":"wp","href":"https:\/\/api.w.org\/{rel}","templated":true}]}}