{"id":797,"date":"2012-11-21T13:05:55","date_gmt":"2012-11-21T16:05:55","guid":{"rendered":"http:\/\/www.tintoreriamaldonado.com\/blog\/?p=797"},"modified":"2012-11-21T13:05:55","modified_gmt":"2012-11-21T16:05:55","slug":"mexico-fashion-week-pineda-covalin","status":"publish","type":"post","link":"http:\/\/www.tintoreriamaldonado.com\/blog\/mexico-fashion-week-pineda-covalin","title":{"rendered":"MEXICO FASHION WEEK: PINEDA COVALIN"},"content":{"rendered":"<p><a href=\"http:\/\/www.tintoreriamaldonado.com\/blog\/wp-content\/uploads\/2012\/11\/maxico-fashion-week-2013.jpg\"><img loading=\"lazy\" decoding=\"async\" class=\"size-full wp-image-815 alignleft\" title=\"m\u00e9xico-fashion-week-2013\" src=\"http:\/\/www.tintoreriamaldonado.com\/blog\/wp-content\/uploads\/2012\/11\/maxico-fashion-week-2013.jpg\" alt=\"\" width=\"358\" height=\"238\" srcset=\"http:\/\/www.tintoreriamaldonado.com\/blog\/wp-content\/uploads\/2012\/11\/maxico-fashion-week-2013.jpg 640w, http:\/\/www.tintoreriamaldonado.com\/blog\/wp-content\/uploads\/2012\/11\/maxico-fashion-week-2013-300x199.jpg 300w\" sizes=\"auto, (max-width: 358px) 100vw, 358px\" \/><\/a>Comenz\u00f3 el Mercedes-Benz Fashion Week M\u00e9xico primavera-verano 2013, mostrando dise\u00f1adores que\u00a0presentan una constante de productividad en dise\u00f1o de moda y talentos. Te mostramos la colecci\u00f3n de Pineda Covalin, con un homenaje a Frida Kahlo y vestidos con volados llenos de colorido.<\/p>\n<p>Estampados, drapeados y prendas vol\u00e1tiles, jugaron un papel crucial con un acento de atrevimiento en la propuesta. Dibujos prehisp\u00e1nicos y gasas contrastaron con chaquetas en una paleta de color que inclu\u00eda tonalidades turquesas, rosas, beige y uvas.<!--more--><a href=\"http:\/\/www.tintoreriamaldonado.com\/blog\/wp-content\/uploads\/2012\/11\/fashion-week-mexico-semana-de-moda-pineda-covalin-rubia-mala-3.jpg\"><img loading=\"lazy\" decoding=\"async\" class=\"alignnone size-full wp-image-800\" title=\"fashion-week-mexico-semana-de-moda-pineda-covalin-rubia-mala-3\" src=\"http:\/\/www.tintoreriamaldonado.com\/blog\/wp-content\/uploads\/2012\/11\/fashion-week-mexico-semana-de-moda-pineda-covalin-rubia-mala-3.jpg\" alt=\"\" width=\"425\" height=\"640\" srcset=\"http:\/\/www.tintoreriamaldonado.com\/blog\/wp-content\/uploads\/2012\/11\/fashion-week-mexico-semana-de-moda-pineda-covalin-rubia-mala-3.jpg 425w, http:\/\/www.tintoreriamaldonado.com\/blog\/wp-content\/uploads\/2012\/11\/fashion-week-mexico-semana-de-moda-pineda-covalin-rubia-mala-3-199x300.jpg 199w\" sizes=\"auto, (max-width: 425px) 100vw, 425px\" \/><\/a><a href=\"http:\/\/www.tintoreriamaldonado.com\/blog\/wp-content\/uploads\/2012\/11\/fashion-week-mexico-semana-de-moda-pineda-covalin-rubia-mala-10.jpg\"><img loading=\"lazy\" decoding=\"async\" class=\"alignnone size-full wp-image-806\" title=\"fashion-week-mexico-semana-de-moda-pineda-covalin-rubia-mala-10\" src=\"http:\/\/www.tintoreriamaldonado.com\/blog\/wp-content\/uploads\/2012\/11\/fashion-week-mexico-semana-de-moda-pineda-covalin-rubia-mala-10.jpg\" alt=\"\" width=\"425\" height=\"640\" srcset=\"http:\/\/www.tintoreriamaldonado.com\/blog\/wp-content\/uploads\/2012\/11\/fashion-week-mexico-semana-de-moda-pineda-covalin-rubia-mala-10.jpg 425w, http:\/\/www.tintoreriamaldonado.com\/blog\/wp-content\/uploads\/2012\/11\/fashion-week-mexico-semana-de-moda-pineda-covalin-rubia-mala-10-199x300.jpg 199w\" sizes=\"auto, (max-width: 425px) 100vw, 425px\" \/><\/a><a href=\"http:\/\/www.tintoreriamaldonado.com\/blog\/wp-content\/uploads\/2012\/11\/fashion-week-mexico-semana-de-moda-pineda-covalin-rubia-mala-42.jpg\"><img loading=\"lazy\" decoding=\"async\" class=\"alignnone size-full wp-image-809\" title=\"fashion-week-mexico-semana-de-moda-pineda-covalin-rubia-mala-4\" src=\"http:\/\/www.tintoreriamaldonado.com\/blog\/wp-content\/uploads\/2012\/11\/fashion-week-mexico-semana-de-moda-pineda-covalin-rubia-mala-42.jpg\" alt=\"\" width=\"640\" height=\"425\" srcset=\"http:\/\/www.tintoreriamaldonado.com\/blog\/wp-content\/uploads\/2012\/11\/fashion-week-mexico-semana-de-moda-pineda-covalin-rubia-mala-42.jpg 640w, http:\/\/www.tintoreriamaldonado.com\/blog\/wp-content\/uploads\/2012\/11\/fashion-week-mexico-semana-de-moda-pineda-covalin-rubia-mala-42-300x199.jpg 300w\" sizes=\"auto, (max-width: 640px) 100vw, 640px\" \/><\/a><a href=\"http:\/\/www.tintoreriamaldonado.com\/blog\/wp-content\/uploads\/2012\/11\/fashion-week-mexico-semana-de-moda-pineda-covalin-rubia-mala-61.jpg\"><img loading=\"lazy\" decoding=\"async\" class=\"alignnone size-full wp-image-810\" title=\"fashion-week-mexico-semana-de-moda-pineda-covalin-rubia-mala-6\" src=\"http:\/\/www.tintoreriamaldonado.com\/blog\/wp-content\/uploads\/2012\/11\/fashion-week-mexico-semana-de-moda-pineda-covalin-rubia-mala-61.jpg\" alt=\"\" width=\"425\" height=\"640\" srcset=\"http:\/\/www.tintoreriamaldonado.com\/blog\/wp-content\/uploads\/2012\/11\/fashion-week-mexico-semana-de-moda-pineda-covalin-rubia-mala-61.jpg 425w, http:\/\/www.tintoreriamaldonado.com\/blog\/wp-content\/uploads\/2012\/11\/fashion-week-mexico-semana-de-moda-pineda-covalin-rubia-mala-61-199x300.jpg 199w\" sizes=\"auto, (max-width: 425px) 100vw, 425px\" \/><\/a><a href=\"http:\/\/www.tintoreriamaldonado.com\/blog\/wp-content\/uploads\/2012\/11\/fashion-week-mexico-semana-de-moda-pineda-covalin-rubia-mala-71.jpg\"><img loading=\"lazy\" decoding=\"async\" class=\"alignnone size-full wp-image-811\" title=\"fashion-week-mexico-semana-de-moda-pineda-covalin-rubia-mala-7\" src=\"http:\/\/www.tintoreriamaldonado.com\/blog\/wp-content\/uploads\/2012\/11\/fashion-week-mexico-semana-de-moda-pineda-covalin-rubia-mala-71.jpg\" alt=\"\" width=\"640\" height=\"425\" srcset=\"http:\/\/www.tintoreriamaldonado.com\/blog\/wp-content\/uploads\/2012\/11\/fashion-week-mexico-semana-de-moda-pineda-covalin-rubia-mala-71.jpg 640w, http:\/\/www.tintoreriamaldonado.com\/blog\/wp-content\/uploads\/2012\/11\/fashion-week-mexico-semana-de-moda-pineda-covalin-rubia-mala-71-300x199.jpg 300w\" sizes=\"auto, (max-width: 640px) 100vw, 640px\" \/><\/a><a href=\"http:\/\/www.tintoreriamaldonado.com\/blog\/wp-content\/uploads\/2012\/11\/fashion-week-mexico-semana-de-moda-pineda-covalin-rubia-mala-81.jpg\"><img loading=\"lazy\" decoding=\"async\" class=\"alignnone size-full wp-image-812\" title=\"fashion-week-mexico-semana-de-moda-pineda-covalin-rubia-mala-8\" src=\"http:\/\/www.tintoreriamaldonado.com\/blog\/wp-content\/uploads\/2012\/11\/fashion-week-mexico-semana-de-moda-pineda-covalin-rubia-mala-81.jpg\" alt=\"\" width=\"640\" height=\"425\" srcset=\"http:\/\/www.tintoreriamaldonado.com\/blog\/wp-content\/uploads\/2012\/11\/fashion-week-mexico-semana-de-moda-pineda-covalin-rubia-mala-81.jpg 640w, http:\/\/www.tintoreriamaldonado.com\/blog\/wp-content\/uploads\/2012\/11\/fashion-week-mexico-semana-de-moda-pineda-covalin-rubia-mala-81-300x199.jpg 300w\" sizes=\"auto, (max-width: 640px) 100vw, 640px\" \/><\/a><a href=\"http:\/\/www.tintoreriamaldonado.com\/blog\/wp-content\/uploads\/2012\/11\/fashion-week-mexico-semana-de-moda-pineda-covalin-rubia-mala-111.jpg\"><img loading=\"lazy\" decoding=\"async\" class=\"alignnone size-full wp-image-813\" title=\"fashion-week-mexico-semana-de-moda-pineda-covalin-rubia-mala-11\" src=\"http:\/\/www.tintoreriamaldonado.com\/blog\/wp-content\/uploads\/2012\/11\/fashion-week-mexico-semana-de-moda-pineda-covalin-rubia-mala-111.jpg\" alt=\"\" width=\"425\" height=\"640\" srcset=\"http:\/\/www.tintoreriamaldonado.com\/blog\/wp-content\/uploads\/2012\/11\/fashion-week-mexico-semana-de-moda-pineda-covalin-rubia-mala-111.jpg 425w, http:\/\/www.tintoreriamaldonado.com\/blog\/wp-content\/uploads\/2012\/11\/fashion-week-mexico-semana-de-moda-pineda-covalin-rubia-mala-111-199x300.jpg 199w\" sizes=\"auto, (max-width: 425px) 100vw, 425px\" \/><\/a><a href=\"http:\/\/www.tintoreriamaldonado.com\/blog\/wp-content\/uploads\/2012\/11\/fashion-week-mexico-semana-de-moda-pineda-covalin-rubia-mala-121.jpg\"><img loading=\"lazy\" decoding=\"async\" class=\"alignnone size-full wp-image-814\" title=\"fashion-week-mexico-semana-de-moda-pineda-covalin-rubia-mala-12\" src=\"http:\/\/www.tintoreriamaldonado.com\/blog\/wp-content\/uploads\/2012\/11\/fashion-week-mexico-semana-de-moda-pineda-covalin-rubia-mala-121.jpg\" alt=\"\" width=\"425\" height=\"640\" srcset=\"http:\/\/www.tintoreriamaldonado.com\/blog\/wp-content\/uploads\/2012\/11\/fashion-week-mexico-semana-de-moda-pineda-covalin-rubia-mala-121.jpg 425w, http:\/\/www.tintoreriamaldonado.com\/blog\/wp-content\/uploads\/2012\/11\/fashion-week-mexico-semana-de-moda-pineda-covalin-rubia-mala-121-199x300.jpg 199w\" sizes=\"auto, (max-width: 425px) 100vw, 425px\" \/><\/a><\/p>\n<p>Fuente: <a href=\"http:\/\/www.rubiamala.com\/2012\/11\/mexico-fashion-week-pineda-covalin.html\" target=\"_blank\">www.rubiamala.com<\/a><\/p>\n","protected":false},"excerpt":{"rendered":"<p>Comenz\u00f3 el Mercedes-Benz Fashion Week M\u00e9xico primavera-verano 2013, mostrando dise\u00f1adores que\u00a0presentan una constante de productividad en dise\u00f1o de moda y talentos. Te mostramos la colecci\u00f3n de Pineda Covalin, con un homenaje a Frida Kahlo y vestidos con volados llenos de colorido. Estampados, drapeados y prendas vol\u00e1tiles, jugaron un papel crucial con un acento de atrevimiento [&hellip;]<\/p>\n","protected":false},"author":1,"featured_media":0,"comment_status":"closed","ping_status":"closed","sticky":false,"template":"","format":"standard","meta":{"_monsterinsights_skip_tracking":false,"_monsterinsights_sitenote_active":false,"_monsterinsights_sitenote_note":"","_monsterinsights_sitenote_category":0,"footnotes":""},"categories":[13,18],"tags":[],"class_list":["post-797","post","type-post","status-publish","format-standard","hentry","category-diseno-de-modas","category-eventos"],"_links":{"self":[{"href":"http:\/\/www.tintoreriamaldonado.com\/blog\/wp-json\/wp\/v2\/posts\/797","targetHints":{"allow":["GET"]}}],"collection":[{"href":"http:\/\/www.tintoreriamaldonado.com\/blog\/wp-json\/wp\/v2\/posts"}],"about":[{"href":"http:\/\/www.tintoreriamaldonado.com\/blog\/wp-json\/wp\/v2\/types\/post"}],"author":[{"embeddable":true,"href":"http:\/\/www.tintoreriamaldonado.com\/blog\/wp-json\/wp\/v2\/users\/1"}],"replies":[{"embeddable":true,"href":"http:\/\/www.tintoreriamaldonado.com\/blog\/wp-json\/wp\/v2\/comments?post=797"}],"version-history":[{"count":3,"href":"http:\/\/www.tintoreriamaldonado.com\/blog\/wp-json\/wp\/v2\/posts\/797\/revisions"}],"predecessor-version":[{"id":817,"href":"http:\/\/www.tintoreriamaldonado.com\/blog\/wp-json\/wp\/v2\/posts\/797\/revisions\/817"}],"wp:attachment":[{"href":"http:\/\/www.tintoreriamaldonado.com\/blog\/wp-json\/wp\/v2\/media?parent=797"}],"wp:term":[{"taxonomy":"category","embeddable":true,"href":"http:\/\/www.tintoreriamaldonado.com\/blog\/wp-json\/wp\/v2\/categories?post=797"},{"taxonomy":"post_tag","embeddable":true,"href":"http:\/\/www.tintoreriamaldonado.com\/blog\/wp-json\/wp\/v2\/tags?post=797"}],"curies":[{"name":"wp","href":"https:\/\/api.w.org\/{rel}","templated":true}]}}