{"id":903,"date":"2013-03-07T13:21:43","date_gmt":"2013-03-07T16:21:43","guid":{"rendered":"http:\/\/www.tintoreriamaldonado.com\/blog\/?p=903"},"modified":"2013-03-25T12:02:52","modified_gmt":"2013-03-25T15:02:52","slug":"bafweek-2013-tendencias-para-el-invierno","status":"publish","type":"post","link":"http:\/\/www.tintoreriamaldonado.com\/blog\/bafweek-2013-tendencias-para-el-invierno","title":{"rendered":"Bafweek 2013: tendencias para el invierno"},"content":{"rendered":"<p><strong><a href=\"http:\/\/www.tintoreriamaldonado.com\/blog\/wp-content\/uploads\/2013\/03\/bafweek-2013-.jpg\"><img loading=\"lazy\" decoding=\"async\" class=\"alignleft size-medium wp-image-904\" title=\"bafweek-2013-\" src=\"http:\/\/www.tintoreriamaldonado.com\/blog\/wp-content\/uploads\/2013\/03\/bafweek-2013--300x220.jpg\" alt=\"\" width=\"300\" height=\"220\" srcset=\"http:\/\/www.tintoreriamaldonado.com\/blog\/wp-content\/uploads\/2013\/03\/bafweek-2013--300x220.jpg 300w, http:\/\/www.tintoreriamaldonado.com\/blog\/wp-content\/uploads\/2013\/03\/bafweek-2013-.jpg 349w\" sizes=\"auto, (max-width: 300px) 100vw, 300px\" \/><\/a>Tendencias para la temporada oto\u00f1o \u2013invierno 2013 que nos dej\u00f3\u00a0 la semana de la moda m\u00e1s importante del pa\u00eds.<\/strong><\/p>\n<p>A fines de febrero se llev\u00f3 a cabo una nueva edici\u00f3n del Bafweek, en este caso para mostrarnos las nuevas tendencias de los dise\u00f1adores argentinos y las marcas comerciales junto con las propuestas de los ganadores del Semillero UBA, para la temporada m\u00e1s fr\u00eda del a\u00f1o.<\/p>\n<p>Este a\u00f1o, a diferencia de los anteriores, hubo m\u00e1s consenso en los colores y estilos, como se pudo ver a trav\u00e9s de los 25 desfiles y 25 showrooms, donde se destacaron Muaa (que volvi\u00f3 a recurrir al Co-design, esta vez con Pablo Ramirez) con un estilo elegante de los a\u00f1os \u201860; Visentini, con una colecci\u00f3n llena de estampas y texturas y Desiderata con un estilo m\u00e1s punk, que se repiti\u00f3 en el desfile de Mishka \u00a0en el Paseo Alcorta.<!--more--><\/p>\n<p>Las prendas destacadas fueron las polleras (que se vieron en todos los estilos: plisada, tubo, estilo jumper, etc, combinadas con blazers, camperas o buzos)y las capas, en varias versiones, diferentes colores y distintos largos (MUaa, Paula Ledesma, Quier). A esta altura no es novedad pero se comprueba que los volados siguen siendo protagonistas, tanto en polleras,\u00a0 o al final de remeras y blazers.<\/p>\n<p>El traje-pantal\u00f3n no puede faltar, con pantalones chupines y s\u00faper anchos, en colores nude, bord\u00f3, negro y azul. Los abrigos vienen en tapados largos, o chaquetas cortas, con estampados animal print, o matelasseados.<\/p>\n<p>Siguiendo las tendencias que se vieron en las pasarelas internacionales, hubo mucho estilo militar (Hermanos Estebecorena), tanto en los colores y estampas estilo camuflaje; mucho aplique de tachas para dar un aspecto rockero; y telas metalizadas (Kostume).<\/p>\n<p>La paleta de colores se resumi\u00f3 en pocos colores: los m\u00e1s vistos fueron el azul, bord\u00f3 y verde (Quier, Kostume), acompa\u00f1ado del infaltable negro. Tambi\u00e9n hubo mucho beige, nude y grises (Desiderata, Cora Groppo, Pr\u00fcne), aunque se vio un poco de rosa (Muaa, Mariana Dapiano, Paula Ledesma).<\/p>\n<p>En zapatos, la moda son los charoles, tanto en plataformas como acordonados; junto con las botas de cuero tipo h\u00edpicas, borcegos y bucaneras, con y sin tachas.<\/p>\n<p>Fuente: http:\/\/vos.lavoz.com.ar\/moda\/bafweek-2013-vidriera-temporada<\/p>\n","protected":false},"excerpt":{"rendered":"<p>Tendencias para la temporada oto\u00f1o \u2013invierno 2013 que nos dej\u00f3\u00a0 la semana de la moda m\u00e1s importante del pa\u00eds. A fines de febrero se llev\u00f3 a cabo una nueva edici\u00f3n del Bafweek, en este caso para mostrarnos las nuevas tendencias de los dise\u00f1adores argentinos y las marcas comerciales junto con las propuestas de los ganadores [&hellip;]<\/p>\n","protected":false},"author":1,"featured_media":0,"comment_status":"closed","ping_status":"closed","sticky":false,"template":"","format":"standard","meta":{"_monsterinsights_skip_tracking":false,"_monsterinsights_sitenote_active":false,"_monsterinsights_sitenote_note":"","_monsterinsights_sitenote_category":0,"footnotes":""},"categories":[36,13,18],"tags":[],"class_list":["post-903","post","type-post","status-publish","format-standard","hentry","category-actualidad","category-diseno-de-modas","category-eventos"],"_links":{"self":[{"href":"http:\/\/www.tintoreriamaldonado.com\/blog\/wp-json\/wp\/v2\/posts\/903","targetHints":{"allow":["GET"]}}],"collection":[{"href":"http:\/\/www.tintoreriamaldonado.com\/blog\/wp-json\/wp\/v2\/posts"}],"about":[{"href":"http:\/\/www.tintoreriamaldonado.com\/blog\/wp-json\/wp\/v2\/types\/post"}],"author":[{"embeddable":true,"href":"http:\/\/www.tintoreriamaldonado.com\/blog\/wp-json\/wp\/v2\/users\/1"}],"replies":[{"embeddable":true,"href":"http:\/\/www.tintoreriamaldonado.com\/blog\/wp-json\/wp\/v2\/comments?post=903"}],"version-history":[{"count":6,"href":"http:\/\/www.tintoreriamaldonado.com\/blog\/wp-json\/wp\/v2\/posts\/903\/revisions"}],"predecessor-version":[{"id":924,"href":"http:\/\/www.tintoreriamaldonado.com\/blog\/wp-json\/wp\/v2\/posts\/903\/revisions\/924"}],"wp:attachment":[{"href":"http:\/\/www.tintoreriamaldonado.com\/blog\/wp-json\/wp\/v2\/media?parent=903"}],"wp:term":[{"taxonomy":"category","embeddable":true,"href":"http:\/\/www.tintoreriamaldonado.com\/blog\/wp-json\/wp\/v2\/categories?post=903"},{"taxonomy":"post_tag","embeddable":true,"href":"http:\/\/www.tintoreriamaldonado.com\/blog\/wp-json\/wp\/v2\/tags?post=903"}],"curies":[{"name":"wp","href":"https:\/\/api.w.org\/{rel}","templated":true}]}}