{"id":911,"date":"2013-03-07T13:32:46","date_gmt":"2013-03-07T16:32:46","guid":{"rendered":"http:\/\/www.tintoreriamaldonado.com\/blog\/?p=911"},"modified":"2013-05-06T14:33:44","modified_gmt":"2013-05-06T17:33:44","slug":"emitex-2013-lo-que-se-viene","status":"publish","type":"post","link":"http:\/\/www.tintoreriamaldonado.com\/blog\/emitex-2013-lo-que-se-viene","title":{"rendered":"Emitex 2013: lo que se viene"},"content":{"rendered":"<p><strong><a href=\"http:\/\/www.tintoreriamaldonado.com\/blog\/wp-content\/uploads\/2013\/03\/emitex-2013-.jpg\"><img loading=\"lazy\" decoding=\"async\" class=\"alignleft size-medium wp-image-912\" title=\"emitex-2013-\" src=\"http:\/\/www.tintoreriamaldonado.com\/blog\/wp-content\/uploads\/2013\/03\/emitex-2013--263x300.jpg\" alt=\"\" width=\"263\" height=\"300\" srcset=\"http:\/\/www.tintoreriamaldonado.com\/blog\/wp-content\/uploads\/2013\/03\/emitex-2013--263x300.jpg 263w, http:\/\/www.tintoreriamaldonado.com\/blog\/wp-content\/uploads\/2013\/03\/emitex-2013-.jpg 349w\" sizes=\"auto, (max-width: 263px) 100vw, 263px\" \/><\/a>Se prepara una nueva edici\u00f3n de Emitex 2013, el lugar donde los confeccionistas de indumentaria se encuentran con las empresas proveedoras.<\/strong><\/p>\n<p><strong>Emitex<\/strong> se viene realizando desde hace ya diez a\u00f1os, con un crecimiento constante, que se ve tanto en el aumento del espacio utilizado para mostrar los stands, como tambi\u00e9n en la cantidad de p\u00fablico que lo visita, con una convocatoria de 16.000 personas y creciendo. La mayor parte de los concurrentes son <strong>ejecutivos y dise\u00f1adores<\/strong> de empresas confeccionistas de <strong>indumentaria<\/strong>.<\/p>\n<p>Este a\u00f1o, una vez m\u00e1s <strong>Emitex<\/strong> nos traer\u00e1 las \u00faltimas novedades relacionadas con<!--more--> el <strong>sector textil<\/strong>, cuando los productores argentinos y latinoamericanos de hilados, telas, av\u00edos y proveedores de servicios se den cita en las instalaciones del recinto ferial Centro Costa Salguero en Buenos Aires, del 14 al 16 de mayo de 2013. Cada 2 ediciones, la feria se desarrolla junto con <strong>CONFEMAQ<\/strong> , Sal\u00f3n de Maquinaria para la Confecci\u00f3n y con <strong>Simatex<\/strong>, Sal\u00f3n Internacional de Maquinaria Textil. La pr\u00f3xima exposici\u00f3n conjunta ser\u00e1 en el 2014.<\/p>\n<p>Entre los rubros exhibidos en <strong>EMITEX<\/strong>, se destacan <strong>Hilados, Tejidos, Av\u00edos, Accesorios, Servicios, Maquinaria para Dise\u00f1o y Terminaci\u00f3n de Prendas, Software y Capacitaci\u00f3n<\/strong>, representados por las principales compa\u00f1\u00edas de la Argentina, que renuevan sus productos en cada muestra y que en la actualidad alcanza la cifra de 200 empresas expositoras.<\/p>\n<p>Esta vez tampoco faltar\u00e1n las charlas, seminarios, conferencias y espacios de tendencias. Los dise\u00f1adores y confeccionistas tendr\u00e1n la oportunidad de enterarse de los nuevos conceptos a trav\u00e9s de siluetas, colores, tejidos, av\u00edos, texturas, prendas clave, macrotendencias y h\u00e1bitos de consumo.<\/p>\n<p>En pr\u00f3ximas ediciones te contaremos m\u00e1s sobre Emitex 2013!<\/p>\n<p>Para m\u00e1s informaci\u00f3n, visit\u00e1 el sitio web de <a href=\"http:\/\/www.emitex.com.ar\/emitex2013\/emitex\/index.php\" target=\"_blank\">Emitex <\/a> www.emitex.com.ar<\/p>\n<p><strong><a href=\"http:\/\/www.tintoreriamaldonado.com\/blog\/emitex-2013-lo-que-se-viene-2\">El \u00faltimo cap\u00edtulo en la historia de nuestra empresa en esta nota<\/a><\/strong><\/p>\n","protected":false},"excerpt":{"rendered":"<p>Se prepara una nueva edici\u00f3n de Emitex 2013, el lugar donde los confeccionistas de indumentaria se encuentran con las empresas proveedoras. Emitex se viene realizando desde hace ya diez a\u00f1os, con un crecimiento constante, que se ve tanto en el aumento del espacio utilizado para mostrar los stands, como tambi\u00e9n en la cantidad de p\u00fablico [&hellip;]<\/p>\n","protected":false},"author":1,"featured_media":0,"comment_status":"closed","ping_status":"closed","sticky":false,"template":"","format":"standard","meta":{"_monsterinsights_skip_tracking":false,"_monsterinsights_sitenote_active":false,"_monsterinsights_sitenote_note":"","_monsterinsights_sitenote_category":0,"footnotes":""},"categories":[36,18,4,7],"tags":[],"class_list":["post-911","post","type-post","status-publish","format-standard","hentry","category-actualidad","category-eventos","category-industria-textil","category-moda"],"_links":{"self":[{"href":"http:\/\/www.tintoreriamaldonado.com\/blog\/wp-json\/wp\/v2\/posts\/911","targetHints":{"allow":["GET"]}}],"collection":[{"href":"http:\/\/www.tintoreriamaldonado.com\/blog\/wp-json\/wp\/v2\/posts"}],"about":[{"href":"http:\/\/www.tintoreriamaldonado.com\/blog\/wp-json\/wp\/v2\/types\/post"}],"author":[{"embeddable":true,"href":"http:\/\/www.tintoreriamaldonado.com\/blog\/wp-json\/wp\/v2\/users\/1"}],"replies":[{"embeddable":true,"href":"http:\/\/www.tintoreriamaldonado.com\/blog\/wp-json\/wp\/v2\/comments?post=911"}],"version-history":[{"count":10,"href":"http:\/\/www.tintoreriamaldonado.com\/blog\/wp-json\/wp\/v2\/posts\/911\/revisions"}],"predecessor-version":[{"id":921,"href":"http:\/\/www.tintoreriamaldonado.com\/blog\/wp-json\/wp\/v2\/posts\/911\/revisions\/921"}],"wp:attachment":[{"href":"http:\/\/www.tintoreriamaldonado.com\/blog\/wp-json\/wp\/v2\/media?parent=911"}],"wp:term":[{"taxonomy":"category","embeddable":true,"href":"http:\/\/www.tintoreriamaldonado.com\/blog\/wp-json\/wp\/v2\/categories?post=911"},{"taxonomy":"post_tag","embeddable":true,"href":"http:\/\/www.tintoreriamaldonado.com\/blog\/wp-json\/wp\/v2\/tags?post=911"}],"curies":[{"name":"wp","href":"https:\/\/api.w.org\/{rel}","templated":true}]}}