{"id":926,"date":"2013-03-25T12:59:38","date_gmt":"2013-03-25T15:59:38","guid":{"rendered":"http:\/\/www.tintoreriamaldonado.com\/blog\/?p=926"},"modified":"2013-03-25T12:59:38","modified_gmt":"2013-03-25T15:59:38","slug":"otono-invierno-20132014-en-el-paris-%e2%80%98fashion-week%e2%80%99","status":"publish","type":"post","link":"http:\/\/www.tintoreriamaldonado.com\/blog\/otono-invierno-20132014-en-el-paris-%e2%80%98fashion-week%e2%80%99","title":{"rendered":"Oto\u00f1o &#8211; Invierno 2013\/2014 en el Par\u00eds \u2018Fashion Week\u2019"},"content":{"rendered":"<p>Te traemos un resumen de lo que se vi\u00f3 en la pasarela de la Semana de la Moda de Par\u00eds, donde se destacaron Givenchy, Loewe, C\u00e9line, Chlo\u00e9 y John Galliano.<\/p>\n<div id=\"attachment_927\" style=\"width: 703px\" class=\"wp-caption alignleft\"><a href=\"http:\/\/www.tintoreriamaldonado.com\/blog\/wp-content\/uploads\/2013\/03\/celine-fw13-1-a.jpg\"><img loading=\"lazy\" decoding=\"async\" aria-describedby=\"caption-attachment-927\" class=\"size-full wp-image-927\" title=\"Celine Fashion Week Paris 2013\/2014\" src=\"http:\/\/www.tintoreriamaldonado.com\/blog\/wp-content\/uploads\/2013\/03\/celine-fw13-1-a.jpg\" alt=\"\" width=\"693\" height=\"455\" srcset=\"http:\/\/www.tintoreriamaldonado.com\/blog\/wp-content\/uploads\/2013\/03\/celine-fw13-1-a.jpg 990w, http:\/\/www.tintoreriamaldonado.com\/blog\/wp-content\/uploads\/2013\/03\/celine-fw13-1-a-300x196.jpg 300w\" sizes=\"auto, (max-width: 693px) 100vw, 693px\" \/><\/a><p id=\"caption-attachment-927\" class=\"wp-caption-text\">Celine Fashion Week Paris 2013\/2014<\/p><\/div>\n<p><!--more--><\/p>\n<div id=\"attachment_930\" style=\"width: 703px\" class=\"wp-caption alignleft\"><a href=\"http:\/\/www.tintoreriamaldonado.com\/blog\/wp-content\/uploads\/2013\/03\/chloe-fw13-1-a.jpg\"><img loading=\"lazy\" decoding=\"async\" aria-describedby=\"caption-attachment-930\" class=\"size-full wp-image-930 \" title=\"Chloe Fashion Week Paris 2013\/2014\" src=\"http:\/\/www.tintoreriamaldonado.com\/blog\/wp-content\/uploads\/2013\/03\/chloe-fw13-1-a.jpg\" alt=\"\" width=\"693\" height=\"455\" srcset=\"http:\/\/www.tintoreriamaldonado.com\/blog\/wp-content\/uploads\/2013\/03\/chloe-fw13-1-a.jpg 990w, http:\/\/www.tintoreriamaldonado.com\/blog\/wp-content\/uploads\/2013\/03\/chloe-fw13-1-a-300x196.jpg 300w\" sizes=\"auto, (max-width: 693px) 100vw, 693px\" \/><\/a><p id=\"caption-attachment-930\" class=\"wp-caption-text\">Chlo\u00e9 Fashion Week Par\u00eds 2013\/2014<\/p><\/div>\n<div id=\"attachment_931\" style=\"width: 703px\" class=\"wp-caption alignleft\"><a href=\"http:\/\/www.tintoreriamaldonado.com\/blog\/wp-content\/uploads\/2013\/03\/loewe-fw13-1-a.jpg\"><img loading=\"lazy\" decoding=\"async\" aria-describedby=\"caption-attachment-931\" class=\"size-full wp-image-931 \" title=\"Loewe Fashion Week Paris 2013\/2014\" src=\"http:\/\/www.tintoreriamaldonado.com\/blog\/wp-content\/uploads\/2013\/03\/loewe-fw13-1-a.jpg\" alt=\"\" width=\"693\" height=\"455\" srcset=\"http:\/\/www.tintoreriamaldonado.com\/blog\/wp-content\/uploads\/2013\/03\/loewe-fw13-1-a.jpg 990w, http:\/\/www.tintoreriamaldonado.com\/blog\/wp-content\/uploads\/2013\/03\/loewe-fw13-1-a-300x196.jpg 300w\" sizes=\"auto, (max-width: 693px) 100vw, 693px\" \/><\/a><p id=\"caption-attachment-931\" class=\"wp-caption-text\">Loewe Fashion Week Paris 2013\/2014<\/p><\/div>\n<div id=\"attachment_932\" style=\"width: 703px\" class=\"wp-caption alignleft\"><a href=\"http:\/\/www.tintoreriamaldonado.com\/blog\/wp-content\/uploads\/2013\/03\/john-galliano-fw13-1-a.jpg\"><img loading=\"lazy\" decoding=\"async\" aria-describedby=\"caption-attachment-932\" class=\"size-full wp-image-932 \" title=\"John Galliano Fashion Week Paris 2013\/2014\" src=\"http:\/\/www.tintoreriamaldonado.com\/blog\/wp-content\/uploads\/2013\/03\/john-galliano-fw13-1-a.jpg\" alt=\"\" width=\"693\" height=\"455\" srcset=\"http:\/\/www.tintoreriamaldonado.com\/blog\/wp-content\/uploads\/2013\/03\/john-galliano-fw13-1-a.jpg 990w, http:\/\/www.tintoreriamaldonado.com\/blog\/wp-content\/uploads\/2013\/03\/john-galliano-fw13-1-a-300x196.jpg 300w\" sizes=\"auto, (max-width: 693px) 100vw, 693px\" \/><\/a><p id=\"caption-attachment-932\" class=\"wp-caption-text\">John Galliano Fashion Week Paris 2013\/2014<\/p><\/div>\n<div id=\"attachment_933\" style=\"width: 703px\" class=\"wp-caption alignleft\"><a href=\"http:\/\/www.tintoreriamaldonado.com\/blog\/wp-content\/uploads\/2013\/03\/jean-paul-gaultier-fw13-1-a.jpg\"><img loading=\"lazy\" decoding=\"async\" aria-describedby=\"caption-attachment-933\" class=\"size-full wp-image-933 \" title=\"Jean Paul Gaultier Fashion Week Paris 2013\/2014\" src=\"http:\/\/www.tintoreriamaldonado.com\/blog\/wp-content\/uploads\/2013\/03\/jean-paul-gaultier-fw13-1-a.jpg\" alt=\"\" width=\"693\" height=\"455\" srcset=\"http:\/\/www.tintoreriamaldonado.com\/blog\/wp-content\/uploads\/2013\/03\/jean-paul-gaultier-fw13-1-a.jpg 990w, http:\/\/www.tintoreriamaldonado.com\/blog\/wp-content\/uploads\/2013\/03\/jean-paul-gaultier-fw13-1-a-300x196.jpg 300w\" sizes=\"auto, (max-width: 693px) 100vw, 693px\" \/><\/a><p id=\"caption-attachment-933\" class=\"wp-caption-text\">Jean Paul Gaultier Fashion Week Paris 2013\/2014<\/p><\/div>\n<div id=\"attachment_934\" style=\"width: 703px\" class=\"wp-caption alignleft\"><a href=\"http:\/\/www.tintoreriamaldonado.com\/blog\/wp-content\/uploads\/2013\/03\/givenchy-fw13-1-a.jpg\"><img loading=\"lazy\" decoding=\"async\" aria-describedby=\"caption-attachment-934\" class=\"size-full wp-image-934 \" title=\"Givenchy Fashion Week Paris 2013\/2014\" src=\"http:\/\/www.tintoreriamaldonado.com\/blog\/wp-content\/uploads\/2013\/03\/givenchy-fw13-1-a.jpg\" alt=\"\" width=\"693\" height=\"455\" srcset=\"http:\/\/www.tintoreriamaldonado.com\/blog\/wp-content\/uploads\/2013\/03\/givenchy-fw13-1-a.jpg 990w, http:\/\/www.tintoreriamaldonado.com\/blog\/wp-content\/uploads\/2013\/03\/givenchy-fw13-1-a-300x196.jpg 300w\" sizes=\"auto, (max-width: 693px) 100vw, 693px\" \/><\/a><p id=\"caption-attachment-934\" class=\"wp-caption-text\">Givenchy Fashion Week Paris 2013\/2014<\/p><\/div>\n<p>M\u00e1s colecciones <a href=\"http:\/\/www.hola.com\/moda\/pasarelas\/2013030463616\/paris-fashion-week-otoinv-desfiles-dia-3\/#foto-reportaje-8\" target=\"_blank\">aqu\u00ed<\/a>.<\/p>\n<p>Fuente:<a href=\"http:\/\/www.hola.com\/moda\/pasarelas\/2013030463616\/paris-fashion-week-otoinv-desfiles-dia-3\/#foto-reportaje-8\" target=\"_blank\"> www.hola.com<\/a><\/p>\n","protected":false},"excerpt":{"rendered":"<p>Te traemos un resumen de lo que se vi\u00f3 en la pasarela de la Semana de la Moda de Par\u00eds, donde se destacaron Givenchy, Loewe, C\u00e9line, Chlo\u00e9 y John Galliano.<\/p>\n","protected":false},"author":1,"featured_media":0,"comment_status":"closed","ping_status":"closed","sticky":false,"template":"","format":"standard","meta":{"_monsterinsights_skip_tracking":false,"_monsterinsights_sitenote_active":false,"_monsterinsights_sitenote_note":"","_monsterinsights_sitenote_category":0,"footnotes":""},"categories":[7],"tags":[],"class_list":["post-926","post","type-post","status-publish","format-standard","hentry","category-moda"],"_links":{"self":[{"href":"http:\/\/www.tintoreriamaldonado.com\/blog\/wp-json\/wp\/v2\/posts\/926","targetHints":{"allow":["GET"]}}],"collection":[{"href":"http:\/\/www.tintoreriamaldonado.com\/blog\/wp-json\/wp\/v2\/posts"}],"about":[{"href":"http:\/\/www.tintoreriamaldonado.com\/blog\/wp-json\/wp\/v2\/types\/post"}],"author":[{"embeddable":true,"href":"http:\/\/www.tintoreriamaldonado.com\/blog\/wp-json\/wp\/v2\/users\/1"}],"replies":[{"embeddable":true,"href":"http:\/\/www.tintoreriamaldonado.com\/blog\/wp-json\/wp\/v2\/comments?post=926"}],"version-history":[{"count":4,"href":"http:\/\/www.tintoreriamaldonado.com\/blog\/wp-json\/wp\/v2\/posts\/926\/revisions"}],"predecessor-version":[{"id":936,"href":"http:\/\/www.tintoreriamaldonado.com\/blog\/wp-json\/wp\/v2\/posts\/926\/revisions\/936"}],"wp:attachment":[{"href":"http:\/\/www.tintoreriamaldonado.com\/blog\/wp-json\/wp\/v2\/media?parent=926"}],"wp:term":[{"taxonomy":"category","embeddable":true,"href":"http:\/\/www.tintoreriamaldonado.com\/blog\/wp-json\/wp\/v2\/categories?post=926"},{"taxonomy":"post_tag","embeddable":true,"href":"http:\/\/www.tintoreriamaldonado.com\/blog\/wp-json\/wp\/v2\/tags?post=926"}],"curies":[{"name":"wp","href":"https:\/\/api.w.org\/{rel}","templated":true}]}}